{"id":3176,"global_id":"radwege-hamm.de\/wp?id=3176","global_id_lineage":["radwege-hamm.de\/wp?id=3176"],"author":"1","status":"publish","date":"2022-06-21 20:29:26","date_utc":"2022-06-21 20:29:26","modified":"2022-08-10 16:35:23","modified_utc":"2022-08-10 16:35:23","url":"https:\/\/radwege-hamm.de\/wp\/event\/radlerstammtisch-hamm-2\/","rest_url":"https:\/\/radwege-hamm.de\/wp\/wp-json\/tribe\/events\/v1\/events\/3176","title":"Radlerstammtisch","description":"<div  class=\"tribe-events-schedule tribe-clearfix\" >\n\t<p class=\"tribe-events-schedule__datetime\">\n\t\t<span class=\"tribe-events-schedule__date tribe-events-schedule__date--start\">\n\t\t\t\t\t<\/span>\n\n\t\t\t\t\t<span class=\"tribe-events-schedule__separator tribe-events-schedule__separator--date\">\n\t\t\t\t @ \t\t\t<\/span>\n\t\t\t<span class=\"tribe-events-schedule__time tribe-events-schedule__time--start\">\n\t\t\t\t\t\t\t<\/span>\n\t\t\n\t\t\t<\/p>\n<\/div>\n\n\n<div class=\"wp-block-image is-style-default\">\n<figure class=\"alignleft size-full is-resized\"><img loading=\"lazy\" decoding=\"async\" src=\"https:\/\/radwege-hamm.de\/wp\/wp-content\/uploads\/2021\/02\/Radlerstammtisch-Logo-v4-breit.png\" alt=\"\" class=\"wp-image-1715\" width=\"208\" height=\"135\" srcset=\"https:\/\/radwege-hamm.de\/wp\/wp-content\/uploads\/2021\/02\/Radlerstammtisch-Logo-v4-breit.png 844w, https:\/\/radwege-hamm.de\/wp\/wp-content\/uploads\/2021\/02\/Radlerstammtisch-Logo-v4-breit-300x196.png 300w, https:\/\/radwege-hamm.de\/wp\/wp-content\/uploads\/2021\/02\/Radlerstammtisch-Logo-v4-breit-768x502.png 768w\" sizes=\"auto, (max-width: 208px) 100vw, 208px\" \/><\/figure>\n<\/div>\n\n\n<p>Offener und unabh\u00e4ngiger Radlerstammtisch zur F\u00f6rderung des Radverkehrs in Hamm. F\u00fcr mehr, besseren und sicheren Radverkehr f\u00fcr Jung und Alt.<\/p>\n\n\n\n<p><\/p>\n\n\n\n<p><\/p>\n\n\n\n<h3 class=\"wp-block-heading\">Themen<\/h3>\n\n\n\n<figure class=\"wp-block-table\"><table><tbody><tr><td>Einen thematischen Schwerpunkt und G\u00e4ste gibt es auch diesmal nicht. M\u00f6gliche Gespr\u00e4chsthemen sind:&nbsp;<\/td><\/tr><\/tbody><\/table><\/figure>\n\n\n\n<ul class=\"wp-block-list\"><li>Einladende Radinfrastruktur &#8211; eine Brosch\u00fcre des Verkehrsministeriums<br><a href=\"https:\/\/radwege-hamm.de\/wp?mailpoet_router&amp;endpoint=track&amp;action=click&amp;data=WyIxIiwiOGE4YThhIiwiMTgiLCJlMGNhZTkxOGM5OGMiLGZhbHNlXQ\">Download<\/a>&nbsp;(leider kann die Brosch\u00fcre nicht bestellt werden)<\/li><li>Informationen aus dem letzten Gespr\u00e4ch des ADFC mit der Stadtverwaltung (Stand der Planungen, Masterplan Mobilit\u00e4t, Z\u00e4hlstellen)<\/li><li>Stadtradeln startet am 27. August (<a href=\"https:\/\/radwege-hamm.de\/wp?mailpoet_router&amp;endpoint=track&amp;action=click&amp;data=WyIxIiwiOGE4YThhIiwiMTgiLCJkZjc1YmQwMzdlZjkiLGZhbHNlXQ\" target=\"_blank\" rel=\"noreferrer noopener\">www.stadtradeln.de\/hamm<\/a>)<\/li><li>Einkaufen mit dem Fahrrad. Wie sieht es mit den Abstellm\u00f6glichkeiten f\u00fcr Fahrr\u00e4der in eurem Supermarkt aus?<\/li><\/ul>\n\n\n<div  class=\"tribe-block tribe-block__event-price\" >\n\t\t<\/div>\n\n\n\n\n<div  class=\"tribe-block tribe-block__venue tribe-clearfix\" >\n\t\n\t\t\n\t<\/div>\n\n\n\n\n\t<div  class=\"tribe-block tribe-block__events-link\" >\n\t\t<div class=\"tribe-events tribe-common\">\n\t\t\t<div class=\"tribe-events-c-subscribe-dropdown__container\">\n\t\t\t\t<div class=\"tribe-events-c-subscribe-dropdown\">\n\t\t\t\t\t<div class=\"tribe-common-c-btn-border tribe-events-c-subscribe-dropdown__button\">\n\t\t\t\t\t\t<svg\n\t class=\"tribe-common-c-svgicon tribe-common-c-svgicon--cal-export tribe-events-c-subscribe-dropdown__export-icon\" \taria-hidden=\"true\"\n\tviewBox=\"0 0 23 17\"\n\txmlns=\"http:\/\/www.w3.org\/2000\/svg\"\n>\n\t<path fill-rule=\"evenodd\" clip-rule=\"evenodd\" d=\"M.128.896V16.13c0 .211.145.383.323.383h15.354c.179 0 .323-.172.323-.383V.896c0-.212-.144-.383-.323-.383H.451C.273.513.128.684.128.896Zm16 6.742h-.901V4.679H1.009v10.729h14.218v-3.336h.901V7.638ZM1.01 1.614h14.218v2.058H1.009V1.614Z\" \/>\n\t<path d=\"M20.5 9.846H8.312M18.524 6.953l2.89 2.909-2.855 2.855\" stroke-width=\"1.2\" stroke-linecap=\"round\" stroke-linejoin=\"round\"\/>\n<\/svg>\n\t\t\t\t\t\t<button\n\t\t\t\t\t\t\tclass=\"tribe-events-c-subscribe-dropdown__button-text\"\n\t\t\t\t\t\t\taria-expanded=\"false\"\n\t\t\t\t\t\t\taria-controls=\"tribe-events-subscribe-dropdown-content\"\n\t\t\t\t\t\t\taria-label=\"Zeige Links an um Veranstaltungen zu deinem Kalender hinzuzuf\u00fcgen\"\n\t\t\t\t\t\t>\n\t\t\t\t\t\t\tZum Kalender hinzuf\u00fcgen\t\t\t\t\t\t<\/button>\n\t\t\t\t\t\t<svg\n\t class=\"tribe-common-c-svgicon tribe-common-c-svgicon--caret-down tribe-events-c-subscribe-dropdown__button-icon\" \taria-hidden=\"true\"\n\tviewBox=\"0 0 10 7\"\n\txmlns=\"http:\/\/www.w3.org\/2000\/svg\"\n>\n\t<path fill-rule=\"evenodd\" clip-rule=\"evenodd\" d=\"M1.008.609L5 4.6 8.992.61l.958.958L5 6.517.05 1.566l.958-.958z\" class=\"tribe-common-c-svgicon__svg-fill\"\/>\n<\/svg>\n\t\t\t\t\t<\/div>\n\t\t\t\t\t<div id=\"tribe-events-subscribe-dropdown-content\" class=\"tribe-events-c-subscribe-dropdown__content\">\n\t\t\t\t\t\t<ul class=\"tribe-events-c-subscribe-dropdown__list\">\n\t\t\t\t\t\t\t\t\t\t\t\t\t\t\t<li class=\"tribe-events-c-subscribe-dropdown__list-item tribe-events-c-subscribe-dropdown__list-item--gcal\">\n\t\t\t\t\t\t\t\t\t<a\n\t\t\t\t\t\t\t\t\t\thref=\"\"\n\t\t\t\t\t\t\t\t\t\tclass=\"tribe-events-c-subscribe-dropdown__list-item-link\"\n\t\t\t\t\t\t\t\t\t\ttarget=\"_blank\"\n\t\t\t\t\t\t\t\t\t\trel=\"noopener noreferrer nofollow noindex\"\n\t\t\t\t\t\t\t\t\t>\n\t\t\t\t\t\t\t\t\t\tGoogle Kalender\t\t\t\t\t\t\t\t\t<\/a>\n\t\t\t\t\t\t\t\t<\/li>\n\t\t\t\t\t\t\t\t\t\t\t\t\t\t\t<li class=\"tribe-events-c-subscribe-dropdown__list-item tribe-events-c-subscribe-dropdown__list-item--ical\">\n\t\t\t\t\t\t\t\t\t<a\n\t\t\t\t\t\t\t\t\t\thref=\"\"\n\t\t\t\t\t\t\t\t\t\tclass=\"tribe-events-c-subscribe-dropdown__list-item-link\"\n\t\t\t\t\t\t\t\t\t\ttarget=\"_blank\"\n\t\t\t\t\t\t\t\t\t\trel=\"noopener noreferrer nofollow noindex\"\n\t\t\t\t\t\t\t\t\t>\n\t\t\t\t\t\t\t\t\t\tiCalendar\t\t\t\t\t\t\t\t\t<\/a>\n\t\t\t\t\t\t\t\t<\/li>\n\t\t\t\t\t\t\t\t\t\t\t\t\t\t\t<li class=\"tribe-events-c-subscribe-dropdown__list-item tribe-events-c-subscribe-dropdown__list-item--outlook-365\">\n\t\t\t\t\t\t\t\t\t<a\n\t\t\t\t\t\t\t\t\t\thref=\"\"\n\t\t\t\t\t\t\t\t\t\tclass=\"tribe-events-c-subscribe-dropdown__list-item-link\"\n\t\t\t\t\t\t\t\t\t\ttarget=\"_blank\"\n\t\t\t\t\t\t\t\t\t\trel=\"noopener noreferrer nofollow noindex\"\n\t\t\t\t\t\t\t\t\t>\n\t\t\t\t\t\t\t\t\t\tOutlook 365\t\t\t\t\t\t\t\t\t<\/a>\n\t\t\t\t\t\t\t\t<\/li>\n\t\t\t\t\t\t\t\t\t\t\t\t\t\t\t<li class=\"tribe-events-c-subscribe-dropdown__list-item tribe-events-c-subscribe-dropdown__list-item--outlook-live\">\n\t\t\t\t\t\t\t\t\t<a\n\t\t\t\t\t\t\t\t\t\thref=\"\"\n\t\t\t\t\t\t\t\t\t\tclass=\"tribe-events-c-subscribe-dropdown__list-item-link\"\n\t\t\t\t\t\t\t\t\t\ttarget=\"_blank\"\n\t\t\t\t\t\t\t\t\t\trel=\"noopener noreferrer nofollow noindex\"\n\t\t\t\t\t\t\t\t\t>\n\t\t\t\t\t\t\t\t\t\tOutlook Live\t\t\t\t\t\t\t\t\t<\/a>\n\t\t\t\t\t\t\t\t<\/li>\n\t\t\t\t\t\t\t\t\t\t\t\t\t<\/ul>\n\t\t\t\t\t<\/div>\n\t\t\t\t<\/div>\n\t\t\t<\/div>\n\t\t<\/div>\n\t<\/div>","excerpt":"","slug":"radlerstammtisch-hamm-2","image":{"url":"https:\/\/radwege-hamm.de\/wp\/wp-content\/uploads\/2021\/02\/Radlerstammtisch-Logo-v4-breit.png","id":1715,"extension":"png","width":844,"height":552,"sizes":{"medium":{"width":300,"height":196,"mime-type":"image\/png","url":"https:\/\/radwege-hamm.de\/wp\/wp-content\/uploads\/2021\/02\/Radlerstammtisch-Logo-v4-breit-300x196.png"},"thumbnail":{"width":150,"height":150,"mime-type":"image\/png","url":"https:\/\/radwege-hamm.de\/wp\/wp-content\/uploads\/2021\/02\/Radlerstammtisch-Logo-v4-breit-150x150.png"},"medium_large":{"width":768,"height":502,"mime-type":"image\/png","url":"https:\/\/radwege-hamm.de\/wp\/wp-content\/uploads\/2021\/02\/Radlerstammtisch-Logo-v4-breit-768x502.png"},"hestia-blog":{"width":360,"height":240,"mime-type":"image\/png","url":"https:\/\/radwege-hamm.de\/wp\/wp-content\/uploads\/2021\/02\/Radlerstammtisch-Logo-v4-breit-360x240.png"}}},"all_day":false,"start_date":"2022-08-16 19:00:00","start_date_details":{"year":"2022","month":"08","day":"16","hour":"19","minutes":"00","seconds":"00"},"end_date":"2022-08-16 20:30:00","end_date_details":{"year":"2022","month":"08","day":"16","hour":"20","minutes":"30","seconds":"00"},"utc_start_date":"2022-08-16 19:00:00","utc_start_date_details":{"year":"2022","month":"08","day":"16","hour":"19","minutes":"00","seconds":"00"},"utc_end_date":"2022-08-16 20:30:00","utc_end_date_details":{"year":"2022","month":"08","day":"16","hour":"20","minutes":"30","seconds":"00"},"timezone":"UTC+0","timezone_abbr":"","cost":"","cost_details":{"currency_symbol":"\u20ac","currency_code":"EUR","currency_position":"prefix","values":[]},"website":"","show_map":true,"show_map_link":true,"hide_from_listings":false,"sticky":false,"featured":false,"categories":[{"name":"Radlerstammtisch","slug":"radlerstammtisch","term_group":0,"term_taxonomy_id":100,"taxonomy":"tribe_events_cat","description":"","parent":0,"count":2,"filter":"raw","id":100,"urls":{"self":"https:\/\/radwege-hamm.de\/wp\/wp-json\/tribe\/events\/v1\/categories\/100","collection":"https:\/\/radwege-hamm.de\/wp\/wp-json\/tribe\/events\/v1\/categories"}}],"tags":[],"venue":{"id":3252,"author":"1","status":"publish","date":"2022-08-10 12:40:50","date_utc":"2022-08-10 12:40:50","modified":"2022-08-10 12:40:50","modified_utc":"2022-08-10 12:40:50","url":"https:\/\/radwege-hamm.de\/wp\/veranstaltungsort\/fiftynine-vereinsheim-des-tus-59-ritzgartenstrasse-46-59065-hamm\/","venue":"fiftynine, Vereinsheim des TUS 59, Ritzgartenstra\u00dfe 46, 59065 Hamm","slug":"fiftynine-vereinsheim-des-tus-59-ritzgartenstrasse-46-59065-hamm","address":"Ritzgartenstra\u00dfe 46","city":"Hamm","country":"Deutschland","zip":"59065","website":"https:\/\/www.tus59hamm.de\/vereinsheim\/","json_ld":{"@type":"Place","name":"fiftynine, Vereinsheim des TUS 59, Ritzgartenstra\u00dfe 46, 59065 Hamm","description":"","url":"","address":{"@type":"PostalAddress","streetAddress":"Ritzgartenstra\u00dfe 46","addressLocality":"Hamm","postalCode":"59065","addressCountry":"Deutschland"},"telephone":"","sameAs":"https:\/\/www.tus59hamm.de\/vereinsheim\/"},"show_map":true,"show_map_link":true,"global_id":"radwege-hamm.de\/wp?id=3252","global_id_lineage":["radwege-hamm.de\/wp?id=3252"]},"organizer":[],"custom_fields":[],"json_ld":{"@context":"http:\/\/schema.org","@type":"Event","name":"Radlerstammtisch","description":"&lt;p&gt;Offener und unabh\u00e4ngiger Radlerstammtisch zur F\u00f6rderung des Radverkehrs in Hamm. F\u00fcr mehr, besseren und sicheren Radverkehr f\u00fcr Jung und Alt. Themen Einen thematischen Schwerpunkt und G\u00e4ste gibt es auch diesmal nicht. M\u00f6gliche Gespr\u00e4chsthemen sind:&nbsp; Einladende Radinfrastruktur - eine Brosch\u00fcre des VerkehrsministeriumsDownload&nbsp;(leider kann die Brosch\u00fcre nicht bestellt werden)Informationen aus dem letzten [&hellip;]&lt;\/p&gt;\\n","image":"https:\/\/radwege-hamm.de\/wp\/wp-content\/uploads\/2021\/02\/Radlerstammtisch-Logo-v4-breit.png","url":"https:\/\/radwege-hamm.de\/wp\/event\/radlerstammtisch-hamm-2\/","eventAttendanceMode":"https:\/\/schema.org\/OfflineEventAttendanceMode","eventStatus":"https:\/\/schema.org\/EventScheduled","startDate":"2022-08-16T19:00:00+00:00","endDate":"2022-08-16T20:30:00+00:00","location":{"@type":"Place","name":"fiftynine, Vereinsheim des TUS 59, Ritzgartenstra\u00dfe 46, 59065 Hamm","description":"","url":"","address":{"@type":"PostalAddress","streetAddress":"Ritzgartenstra\u00dfe 46","addressLocality":"Hamm","postalCode":"59065","addressCountry":"Deutschland"},"telephone":"","sameAs":"https:\/\/www.tus59hamm.de\/vereinsheim\/"},"performer":"Organization"}}