{"id":3503,"global_id":"radwege-hamm.de\/wp?id=3503","global_id_lineage":["radwege-hamm.de\/wp?id=3503"],"author":"1","status":"publish","date":"2022-09-07 16:14:02","date_utc":"2022-09-07 16:14:02","modified":"2022-09-11 17:38:06","modified_utc":"2022-09-11 17:38:06","url":"https:\/\/radwege-hamm.de\/wp\/event\/fahrrademo-mit-anschliessender-mahnwache\/","rest_url":"https:\/\/radwege-hamm.de\/wp\/wp-json\/tribe\/events\/v1\/events\/3503","title":"Fahrrademo mit anschlie\u00dfender Mahnwache","description":"<div  class=\"tribe-events-schedule tribe-clearfix\" >\n\t<p class=\"tribe-events-schedule__datetime\">\n\t\t<span class=\"tribe-events-schedule__date tribe-events-schedule__date--start\">\n\t\t\t\t\t<\/span>\n\n\t\t\t\t\t<span class=\"tribe-events-schedule__separator tribe-events-schedule__separator--date\">\n\t\t\t\t @ \t\t\t<\/span>\n\t\t\t<span class=\"tribe-events-schedule__time tribe-events-schedule__time--start\">\n\t\t\t\t\t\t\t<\/span>\n\t\t\n\t\t\t<\/p>\n<\/div>\n\n\n\n<p>Wieder hat es in Hamm einen Fahrradunfall mit t\u00f6dlichem Ausgang gegeben. In der letzten Woche starb eine Radfahrerin nach einem Zusammensto\u00df mit einem PKW an ihren schweren Verletzungen.&nbsp;<\/p>\n\n\n\n<p>Der ADFC Hamm und die Ortsgruppe Hamm des VCD rufen aus diesem Anlass zu einer Fahrraddemo zur Unfallstelle an der Kreuzung Piebrockskamp\/Schl\u00e4gelstra\u00dfe in Heessen auf. Dort soll&nbsp; ein Geisterrad aufgestellt und der t\u00f6dlich verungl\u00fcckten Radfahrerin gedacht werden.&nbsp;<\/p>\n\n\n\n<p>Die Demo startet am Freitag, dem 09. September um 17:00 Uhr an der Pauluskirche und verl\u00e4uft von dort \u00fcber die M\u00fcnsterstra\u00dfe, die Heessener Stra\u00dfe, Ahlener Stra\u00dfe zum Piebrockskamp. Nach einer kurzen Mahnwache endet die Veranstaltung.<\/p>\n\n\n\n<p>Keine Toten und Schwerverletzten im Stra\u00dfenverkehr &#8211; das ist das Ziel der &#8222;Vision Zero&#8220;. Dieses Ziel hat die Landesregierung fest im Nahmobilit\u00e4tsgesetz verankert. Auch die Stadt Hamm muss hier t\u00e4tig werden. Aus Sicht des ADFC gibt es noch einen gro\u00dfen Nachholbedarf im vorhandenen Radwegenetz, um die Sicherheit der Radfahrenden zu erh\u00f6hen.<\/p>\n\n\n\n<p>Mit der Demo fordern die Veranstalter bessere Radwege in Hamm, die einer \u201eVision Zero\u201c gerecht werden.<\/p>\n\n\n\n<figure class=\"wp-block-image size-large\"><img loading=\"lazy\" decoding=\"async\" width=\"1024\" height=\"768\" src=\"https:\/\/radwege-hamm.de\/wp\/wp-content\/uploads\/2022\/09\/IMG_1225-1024x768.jpeg\" alt=\"\" class=\"wp-image-3517\" srcset=\"https:\/\/radwege-hamm.de\/wp\/wp-content\/uploads\/2022\/09\/IMG_1225-1024x768.jpeg 1024w, https:\/\/radwege-hamm.de\/wp\/wp-content\/uploads\/2022\/09\/IMG_1225-300x225.jpeg 300w, https:\/\/radwege-hamm.de\/wp\/wp-content\/uploads\/2022\/09\/IMG_1225-768x576.jpeg 768w, https:\/\/radwege-hamm.de\/wp\/wp-content\/uploads\/2022\/09\/IMG_1225-1536x1152.jpeg 1536w, https:\/\/radwege-hamm.de\/wp\/wp-content\/uploads\/2022\/09\/IMG_1225-1320x990.jpeg 1320w, https:\/\/radwege-hamm.de\/wp\/wp-content\/uploads\/2022\/09\/IMG_1225.jpeg 1600w\" sizes=\"auto, (max-width: 1024px) 100vw, 1024px\" \/><\/figure>\n\n\n<div  class=\"tribe-block tribe-block__event-price\" >\n\t\t<\/div>\n\n\n\n\n<div  class=\"tribe-block tribe-block__venue tribe-clearfix\" >\n\t\n\t\t\n\t<\/div>\n\n\n\n\n\t<div  class=\"tribe-block tribe-block__events-link\" >\n\t\t<div class=\"tribe-events tribe-common\">\n\t\t\t<div class=\"tribe-events-c-subscribe-dropdown__container\">\n\t\t\t\t<div class=\"tribe-events-c-subscribe-dropdown\">\n\t\t\t\t\t<div class=\"tribe-common-c-btn-border tribe-events-c-subscribe-dropdown__button\">\n\t\t\t\t\t\t<svg\n\t class=\"tribe-common-c-svgicon tribe-common-c-svgicon--cal-export tribe-events-c-subscribe-dropdown__export-icon\" \taria-hidden=\"true\"\n\tviewBox=\"0 0 23 17\"\n\txmlns=\"http:\/\/www.w3.org\/2000\/svg\"\n>\n\t<path fill-rule=\"evenodd\" clip-rule=\"evenodd\" d=\"M.128.896V16.13c0 .211.145.383.323.383h15.354c.179 0 .323-.172.323-.383V.896c0-.212-.144-.383-.323-.383H.451C.273.513.128.684.128.896Zm16 6.742h-.901V4.679H1.009v10.729h14.218v-3.336h.901V7.638ZM1.01 1.614h14.218v2.058H1.009V1.614Z\" \/>\n\t<path d=\"M20.5 9.846H8.312M18.524 6.953l2.89 2.909-2.855 2.855\" stroke-width=\"1.2\" stroke-linecap=\"round\" stroke-linejoin=\"round\"\/>\n<\/svg>\n\t\t\t\t\t\t<button\n\t\t\t\t\t\t\tclass=\"tribe-events-c-subscribe-dropdown__button-text\"\n\t\t\t\t\t\t\taria-expanded=\"false\"\n\t\t\t\t\t\t\taria-controls=\"tribe-events-subscribe-dropdown-content\"\n\t\t\t\t\t\t\taria-label=\"Zeige Links an um Veranstaltungen zu deinem Kalender hinzuzuf\u00fcgen\"\n\t\t\t\t\t\t>\n\t\t\t\t\t\t\tZum Kalender hinzuf\u00fcgen\t\t\t\t\t\t<\/button>\n\t\t\t\t\t\t<svg\n\t class=\"tribe-common-c-svgicon tribe-common-c-svgicon--caret-down tribe-events-c-subscribe-dropdown__button-icon\" \taria-hidden=\"true\"\n\tviewBox=\"0 0 10 7\"\n\txmlns=\"http:\/\/www.w3.org\/2000\/svg\"\n>\n\t<path fill-rule=\"evenodd\" clip-rule=\"evenodd\" d=\"M1.008.609L5 4.6 8.992.61l.958.958L5 6.517.05 1.566l.958-.958z\" class=\"tribe-common-c-svgicon__svg-fill\"\/>\n<\/svg>\n\t\t\t\t\t<\/div>\n\t\t\t\t\t<div id=\"tribe-events-subscribe-dropdown-content\" class=\"tribe-events-c-subscribe-dropdown__content\">\n\t\t\t\t\t\t<ul class=\"tribe-events-c-subscribe-dropdown__list\">\n\t\t\t\t\t\t\t\t\t\t\t\t\t\t\t<li class=\"tribe-events-c-subscribe-dropdown__list-item tribe-events-c-subscribe-dropdown__list-item--gcal\">\n\t\t\t\t\t\t\t\t\t<a\n\t\t\t\t\t\t\t\t\t\thref=\"\"\n\t\t\t\t\t\t\t\t\t\tclass=\"tribe-events-c-subscribe-dropdown__list-item-link\"\n\t\t\t\t\t\t\t\t\t\ttarget=\"_blank\"\n\t\t\t\t\t\t\t\t\t\trel=\"noopener noreferrer nofollow noindex\"\n\t\t\t\t\t\t\t\t\t>\n\t\t\t\t\t\t\t\t\t\tGoogle Kalender\t\t\t\t\t\t\t\t\t<\/a>\n\t\t\t\t\t\t\t\t<\/li>\n\t\t\t\t\t\t\t\t\t\t\t\t\t\t\t<li class=\"tribe-events-c-subscribe-dropdown__list-item tribe-events-c-subscribe-dropdown__list-item--ical\">\n\t\t\t\t\t\t\t\t\t<a\n\t\t\t\t\t\t\t\t\t\thref=\"\"\n\t\t\t\t\t\t\t\t\t\tclass=\"tribe-events-c-subscribe-dropdown__list-item-link\"\n\t\t\t\t\t\t\t\t\t\ttarget=\"_blank\"\n\t\t\t\t\t\t\t\t\t\trel=\"noopener noreferrer nofollow noindex\"\n\t\t\t\t\t\t\t\t\t>\n\t\t\t\t\t\t\t\t\t\tiCalendar\t\t\t\t\t\t\t\t\t<\/a>\n\t\t\t\t\t\t\t\t<\/li>\n\t\t\t\t\t\t\t\t\t\t\t\t\t\t\t<li class=\"tribe-events-c-subscribe-dropdown__list-item tribe-events-c-subscribe-dropdown__list-item--outlook-365\">\n\t\t\t\t\t\t\t\t\t<a\n\t\t\t\t\t\t\t\t\t\thref=\"\"\n\t\t\t\t\t\t\t\t\t\tclass=\"tribe-events-c-subscribe-dropdown__list-item-link\"\n\t\t\t\t\t\t\t\t\t\ttarget=\"_blank\"\n\t\t\t\t\t\t\t\t\t\trel=\"noopener noreferrer nofollow noindex\"\n\t\t\t\t\t\t\t\t\t>\n\t\t\t\t\t\t\t\t\t\tOutlook 365\t\t\t\t\t\t\t\t\t<\/a>\n\t\t\t\t\t\t\t\t<\/li>\n\t\t\t\t\t\t\t\t\t\t\t\t\t\t\t<li class=\"tribe-events-c-subscribe-dropdown__list-item tribe-events-c-subscribe-dropdown__list-item--outlook-live\">\n\t\t\t\t\t\t\t\t\t<a\n\t\t\t\t\t\t\t\t\t\thref=\"\"\n\t\t\t\t\t\t\t\t\t\tclass=\"tribe-events-c-subscribe-dropdown__list-item-link\"\n\t\t\t\t\t\t\t\t\t\ttarget=\"_blank\"\n\t\t\t\t\t\t\t\t\t\trel=\"noopener noreferrer nofollow noindex\"\n\t\t\t\t\t\t\t\t\t>\n\t\t\t\t\t\t\t\t\t\tOutlook Live\t\t\t\t\t\t\t\t\t<\/a>\n\t\t\t\t\t\t\t\t<\/li>\n\t\t\t\t\t\t\t\t\t\t\t\t\t<\/ul>\n\t\t\t\t\t<\/div>\n\t\t\t\t<\/div>\n\t\t\t<\/div>\n\t\t<\/div>\n\t<\/div>","excerpt":"","slug":"fahrrademo-mit-anschliessender-mahnwache","image":{"url":"https:\/\/radwege-hamm.de\/wp\/wp-content\/uploads\/2022\/09\/IMG_1225.jpeg","id":3517,"extension":"jpeg","width":1600,"height":1200,"filesize":591756,"sizes":{"medium":{"width":300,"height":225,"mime-type":"image\/jpeg","filesize":24270,"url":"https:\/\/radwege-hamm.de\/wp\/wp-content\/uploads\/2022\/09\/IMG_1225-300x225.jpeg"},"large":{"width":1024,"height":768,"mime-type":"image\/jpeg","filesize":213323,"url":"https:\/\/radwege-hamm.de\/wp\/wp-content\/uploads\/2022\/09\/IMG_1225-1024x768.jpeg"},"thumbnail":{"width":150,"height":150,"mime-type":"image\/jpeg","filesize":10891,"url":"https:\/\/radwege-hamm.de\/wp\/wp-content\/uploads\/2022\/09\/IMG_1225-150x150.jpeg"},"medium_large":{"width":768,"height":576,"mime-type":"image\/jpeg","filesize":123492,"url":"https:\/\/radwege-hamm.de\/wp\/wp-content\/uploads\/2022\/09\/IMG_1225-768x576.jpeg"},"1536x1536":{"width":1536,"height":1152,"mime-type":"image\/jpeg","filesize":445092,"url":"https:\/\/radwege-hamm.de\/wp\/wp-content\/uploads\/2022\/09\/IMG_1225-1536x1152.jpeg"},"hestia-blog":{"width":360,"height":240,"mime-type":"image\/jpeg","filesize":29383,"url":"https:\/\/radwege-hamm.de\/wp\/wp-content\/uploads\/2022\/09\/IMG_1225-360x240.jpeg"},"mailpoet_newsletter_max":{"width":1320,"height":990,"mime-type":"image\/jpeg","filesize":340957,"url":"https:\/\/radwege-hamm.de\/wp\/wp-content\/uploads\/2022\/09\/IMG_1225-1320x990.jpeg"}}},"all_day":false,"start_date":"2022-09-09 17:00:00","start_date_details":{"year":"2022","month":"09","day":"09","hour":"17","minutes":"00","seconds":"00"},"end_date":"2022-09-09 18:00:00","end_date_details":{"year":"2022","month":"09","day":"09","hour":"18","minutes":"00","seconds":"00"},"utc_start_date":"2022-09-09 17:00:00","utc_start_date_details":{"year":"2022","month":"09","day":"09","hour":"17","minutes":"00","seconds":"00"},"utc_end_date":"2022-09-09 18:00:00","utc_end_date_details":{"year":"2022","month":"09","day":"09","hour":"18","minutes":"00","seconds":"00"},"timezone":"UTC+0","timezone_abbr":"","cost":"","cost_details":{"currency_symbol":"\u20ac","currency_code":"EUR","currency_position":"prefix","values":[]},"website":"","show_map":true,"show_map_link":true,"hide_from_listings":false,"sticky":false,"featured":false,"categories":[],"tags":[],"venue":{"id":2931,"author":"1","status":"publish","date":"2022-04-04 10:28:51","date_utc":"2022-04-04 10:28:51","modified":"2022-04-04 10:28:51","modified_utc":"2022-04-04 10:28:51","url":"https:\/\/radwege-hamm.de\/wp\/veranstaltungsort\/marktplatz-hamm\/","venue":"Marktplatz Hamm","slug":"marktplatz-hamm","address":"Marktplatz","city":"Hamm","country":"Deutschland","zip":"59065","json_ld":{"@type":"Place","name":"Marktplatz Hamm","description":"","url":"","address":{"@type":"PostalAddress","streetAddress":"Marktplatz","addressLocality":"Hamm","postalCode":"59065","addressCountry":"Deutschland"},"telephone":"","sameAs":""},"show_map":true,"show_map_link":true,"global_id":"radwege-hamm.de\/wp?id=2931","global_id_lineage":["radwege-hamm.de\/wp?id=2931"]},"organizer":[],"custom_fields":[],"json_ld":{"@context":"http:\/\/schema.org","@type":"Event","name":"Fahrrademo mit anschlie\u00dfender Mahnwache","description":"&lt;p&gt;Wieder hat es in Hamm einen Fahrradunfall mit t\u00f6dlichem Ausgang gegeben. In der letzten Woche starb eine Radfahrerin nach einem Zusammensto\u00df mit einem PKW an ihren schweren Verletzungen.&nbsp; Der ADFC Hamm und die Ortsgruppe Hamm des VCD rufen aus diesem Anlass zu einer Fahrraddemo zur Unfallstelle an der Kreuzung Piebrockskamp\/Schl\u00e4gelstra\u00dfe [&hellip;]&lt;\/p&gt;\\n","image":"https:\/\/radwege-hamm.de\/wp\/wp-content\/uploads\/2022\/09\/IMG_1225.jpeg","url":"https:\/\/radwege-hamm.de\/wp\/event\/fahrrademo-mit-anschliessender-mahnwache\/","eventAttendanceMode":"https:\/\/schema.org\/OfflineEventAttendanceMode","eventStatus":"https:\/\/schema.org\/EventScheduled","startDate":"2022-09-09T17:00:00+00:00","endDate":"2022-09-09T18:00:00+00:00","location":{"@type":"Place","name":"Marktplatz Hamm","description":"","url":"","address":{"@type":"PostalAddress","streetAddress":"Marktplatz","addressLocality":"Hamm","postalCode":"59065","addressCountry":"Deutschland"},"telephone":"","sameAs":""},"performer":"Organization"}}