{"id":1995,"date":"2021-04-18T12:18:19","date_gmt":"2021-04-18T12:18:19","guid":{"rendered":"https:\/\/radwege-hamm.de\/wp\/?p=1995"},"modified":"2021-04-20T07:02:04","modified_gmt":"2021-04-20T07:02:04","slug":"ausbau-der-fangstrasse","status":"publish","type":"post","link":"https:\/\/radwege-hamm.de\/wp\/ausbau-der-fangstrasse\/","title":{"rendered":"Ausbau der Fangstra\u00dfe in Pelkum"},"content":{"rendered":"\n<p>Mitte Dezember 2020 hat der Rat der Stadt Hamm die Erneuerung der Fangstra\u00dfe beschlossen. Die Fangstra\u00dfe stellt die direkte Verbindung zwischen Pelkum und Herringen dar und wird laut Verkehrsbericht von 2018 t\u00e4glich von 9000 PKW befahren bei einem LKW-Anteil von 12 %. Die Fangstra\u00dfe geh\u00f6rt damit nach der Kamener Stra\u00dfe zu der am meisten befahrenen Stra\u00dfe in Pelkum.<\/p>\n\n\n\n<div class=\"wp-block-image is-style-default\"><figure class=\"alignleft size-large is-resized\"><img loading=\"lazy\" decoding=\"async\" src=\"https:\/\/radwege-hamm.de\/wp\/wp-content\/uploads\/2021\/04\/IMG_4957-1024x768.jpeg\" alt=\"\" class=\"wp-image-2012\" width=\"512\" height=\"384\" srcset=\"https:\/\/radwege-hamm.de\/wp\/wp-content\/uploads\/2021\/04\/IMG_4957-1024x768.jpeg 1024w, https:\/\/radwege-hamm.de\/wp\/wp-content\/uploads\/2021\/04\/IMG_4957-300x225.jpeg 300w, https:\/\/radwege-hamm.de\/wp\/wp-content\/uploads\/2021\/04\/IMG_4957-768x576.jpeg 768w, https:\/\/radwege-hamm.de\/wp\/wp-content\/uploads\/2021\/04\/IMG_4957-1536x1152.jpeg 1536w, https:\/\/radwege-hamm.de\/wp\/wp-content\/uploads\/2021\/04\/IMG_4957-1320x990.jpeg 1320w, https:\/\/radwege-hamm.de\/wp\/wp-content\/uploads\/2021\/04\/IMG_4957.jpeg 1600w\" sizes=\"auto, (max-width: 512px) 100vw, 512px\" \/><figcaption>Schutzstreifen regelkonform aufgel\u00f6st<\/figcaption><\/figure><\/div>\n\n\n\n<p>F\u00fcr das Fahrrad gibt es zur Fangstra\u00dfe keine gute Alternative. Eine Ausschilderung f\u00fcr Radfahrende f\u00fcr den Weg von Pelkum nach Herringen \u00fcber die Goerstra\u00dfe, die von der CDU-Fraktion Februar 21 beantragt wurde, hat die Bezirksvertretung abgelehnt.<\/p>\n\n\n\n<p>Der Ausbau der Fangstra\u00dfe h\u00e4tte wirklich die Chance geboten, hier auch f\u00fcr Radfahrende eine gute Verbindung zwischen Pelkum und Herringen zu schaffen. Die Notwendigkeit hierf\u00fcr wird im Antrag (s.u.) selber sachgerecht formuliert. Die Umsetzung ist aus meiner Sicht aber untauglich.<\/p>\n\n\n\n<p>Es wird zwar eine Neuaufteilung des Stra\u00dfenquerschnitts vorgenommen, aber statt eines baulichen Radwegs oder eines Radstreifens setzt man auf Schutzstreifen.&nbsp;<\/p>\n\n\n\n<blockquote class=\"wp-block-quote is-layout-flow wp-block-quote-is-layout-flow\"><p>Der ADFC gibt folgende Einsch\u00e4tzung zu Schutzstreifen:<br><br>Schutzstreifen erf\u00fcllen aus Sicht des ADFC nicht die Anforderungen an eine Radverkehrsinfrastruktur, auf der Menschen aller Altersgruppen und Nutzertypen z\u00fcgig, sicher und komfortabel Rad fahren k\u00f6nnen. Sie sind der Ausnahmefall, wenn bauliche Radverkehrsanlagen oder Radfahrstreifen tats\u00e4chlich nicht umsetzbar sind \u2013 und dann auch nur als vor\u00fcbergehende L\u00f6sung, bis eine zufriedenstellende L\u00f6sung umgesetzt werden kann. Die in der ERA vorgeschlagenen Mindestbreiten und Sicherheitszonen hin zum ruhenden Verkehr sind v\u00f6llig unzureichend.<\/p><cite><a href=\"https:\/\/wiki.radwege-hamm.de\/lib\/exe\/fetch.php?media=adfc_radverkehr_infrastruktur_2019_sw_web.pdf\">https:\/\/wiki.radwege-hamm.de\/lib\/exe\/fetch.php?media=adfc_radverkehr_infrastruktur_2019_sw_web.pdf<\/a><\/cite><\/blockquote>\n\n\n\n<p><\/p>\n\n\n\n<h4 class=\"wp-block-heading\">Der Schutzstreifen endet vor der Kreuzung<\/h4>\n\n\n\n<p>Der absolute Hammer bei der Planung ist allerdings, dass der Schutzstreifen vor der Kreuzung zur Kamener Stra\u00dfe einfach wegf\u00e4llt. D.h. sowohl in Richtung Kamener Stra\u00dfe als auch von der Kamener Stra\u00dfe Richtung Herringen fehlt ein Schutzstreifen f\u00fcr ein Strecke von ca. 60 m (s. Plan), Radfahrende fahren im Mischverkehr mit Autos und LKWs vorbei an parkenden Autos. Hier entlang k\u00f6nnte man kein Kind ruhigen Gewissens mit dem Fahrrad zur Schule fahren lassen. Die Formulierung im Beschluss lautet, der Angebotsstreifen wird <strong>regelkonform aufgel\u00f6st.<\/strong>&nbsp;<\/p>\n\n\n\n<div class=\"wp-block-blockgallery-carousel\"><div class=\"is-cropped blockgallery has-no-alignment has-caption-style-dark has-horizontal-gutter\"><div class=\"has-carousel has-carousel-lrg\" style=\"height:400px\" data-flickity=\"{&quot;autoPlay&quot;:false,&quot;draggable&quot;:true,&quot;pageDots&quot;:false,&quot;prevNextButtons&quot;:true,&quot;wrapAround&quot;:true,&quot;arrowShape&quot;:{&quot;x0&quot;:10,&quot;x1&quot;:60,&quot;y1&quot;:50,&quot;x2&quot;:65,&quot;y2&quot;:45,&quot;x3&quot;:20}}\"><div class=\"blockgallery--item\"><figure class=\"blockgallery--figure has-margin-left-5 has-margin-left-mobile-5 has-margin-right-5 has-margin-right-mobile-5\"><img loading=\"lazy\" decoding=\"async\" width=\"1024\" height=\"768\" src=\"https:\/\/radwege-hamm.de\/wp\/wp-content\/uploads\/2021\/04\/IMG_4955-1024x768.jpeg\" alt=\"\" data-id=\"2004\" data-link=\"https:\/\/radwege-hamm.de\/wp\/ausbau-der-fangstrasse\/img_4955\/\" class=\"wp-image-2004\" srcset=\"https:\/\/radwege-hamm.de\/wp\/wp-content\/uploads\/2021\/04\/IMG_4955-1024x768.jpeg 1024w, https:\/\/radwege-hamm.de\/wp\/wp-content\/uploads\/2021\/04\/IMG_4955-300x225.jpeg 300w, https:\/\/radwege-hamm.de\/wp\/wp-content\/uploads\/2021\/04\/IMG_4955-768x576.jpeg 768w, https:\/\/radwege-hamm.de\/wp\/wp-content\/uploads\/2021\/04\/IMG_4955-1536x1152.jpeg 1536w, https:\/\/radwege-hamm.de\/wp\/wp-content\/uploads\/2021\/04\/IMG_4955-1320x990.jpeg 1320w, https:\/\/radwege-hamm.de\/wp\/wp-content\/uploads\/2021\/04\/IMG_4955.jpeg 1600w\" sizes=\"auto, (max-width: 1024px) 100vw, 1024px\" \/><\/figure><\/div><div class=\"blockgallery--item\"><figure class=\"blockgallery--figure has-margin-left-5 has-margin-left-mobile-5 has-margin-right-5 has-margin-right-mobile-5\"><img loading=\"lazy\" decoding=\"async\" width=\"1024\" height=\"768\" src=\"https:\/\/radwege-hamm.de\/wp\/wp-content\/uploads\/2021\/04\/IMG_4963-1024x768.jpeg\" alt=\"\" data-id=\"2005\" data-link=\"https:\/\/radwege-hamm.de\/wp\/ausbau-der-fangstrasse\/img_4963\/\" class=\"wp-image-2005\" srcset=\"https:\/\/radwege-hamm.de\/wp\/wp-content\/uploads\/2021\/04\/IMG_4963-1024x768.jpeg 1024w, https:\/\/radwege-hamm.de\/wp\/wp-content\/uploads\/2021\/04\/IMG_4963-300x225.jpeg 300w, https:\/\/radwege-hamm.de\/wp\/wp-content\/uploads\/2021\/04\/IMG_4963-768x576.jpeg 768w, https:\/\/radwege-hamm.de\/wp\/wp-content\/uploads\/2021\/04\/IMG_4963-1536x1152.jpeg 1536w, https:\/\/radwege-hamm.de\/wp\/wp-content\/uploads\/2021\/04\/IMG_4963-1320x990.jpeg 1320w, https:\/\/radwege-hamm.de\/wp\/wp-content\/uploads\/2021\/04\/IMG_4963.jpeg 1600w\" sizes=\"auto, (max-width: 1024px) 100vw, 1024px\" \/><\/figure><\/div><div class=\"blockgallery--item\"><figure class=\"blockgallery--figure has-margin-left-5 has-margin-left-mobile-5 has-margin-right-5 has-margin-right-mobile-5\"><img loading=\"lazy\" decoding=\"async\" width=\"1024\" height=\"768\" src=\"https:\/\/radwege-hamm.de\/wp\/wp-content\/uploads\/2021\/04\/IMG_4954-1024x768.jpeg\" alt=\"\" data-id=\"2006\" data-link=\"https:\/\/radwege-hamm.de\/wp\/ausbau-der-fangstrasse\/img_4954\/\" class=\"wp-image-2006\" srcset=\"https:\/\/radwege-hamm.de\/wp\/wp-content\/uploads\/2021\/04\/IMG_4954-1024x768.jpeg 1024w, https:\/\/radwege-hamm.de\/wp\/wp-content\/uploads\/2021\/04\/IMG_4954-300x225.jpeg 300w, https:\/\/radwege-hamm.de\/wp\/wp-content\/uploads\/2021\/04\/IMG_4954-768x576.jpeg 768w, https:\/\/radwege-hamm.de\/wp\/wp-content\/uploads\/2021\/04\/IMG_4954-1536x1152.jpeg 1536w, https:\/\/radwege-hamm.de\/wp\/wp-content\/uploads\/2021\/04\/IMG_4954-1320x990.jpeg 1320w, https:\/\/radwege-hamm.de\/wp\/wp-content\/uploads\/2021\/04\/IMG_4954.jpeg 1600w\" sizes=\"auto, (max-width: 1024px) 100vw, 1024px\" \/><\/figure><\/div><div class=\"blockgallery--item\"><figure class=\"blockgallery--figure has-margin-left-5 has-margin-left-mobile-5 has-margin-right-5 has-margin-right-mobile-5\"><img loading=\"lazy\" decoding=\"async\" width=\"1024\" height=\"768\" src=\"https:\/\/radwege-hamm.de\/wp\/wp-content\/uploads\/2021\/04\/IMG_4951-1024x768.jpeg\" alt=\"\" data-id=\"2008\" data-link=\"https:\/\/radwege-hamm.de\/wp\/ausbau-der-fangstrasse\/img_4951\/\" class=\"wp-image-2008\" srcset=\"https:\/\/radwege-hamm.de\/wp\/wp-content\/uploads\/2021\/04\/IMG_4951-1024x768.jpeg 1024w, https:\/\/radwege-hamm.de\/wp\/wp-content\/uploads\/2021\/04\/IMG_4951-300x225.jpeg 300w, https:\/\/radwege-hamm.de\/wp\/wp-content\/uploads\/2021\/04\/IMG_4951-768x576.jpeg 768w, https:\/\/radwege-hamm.de\/wp\/wp-content\/uploads\/2021\/04\/IMG_4951-1536x1152.jpeg 1536w, https:\/\/radwege-hamm.de\/wp\/wp-content\/uploads\/2021\/04\/IMG_4951-1320x990.jpeg 1320w, https:\/\/radwege-hamm.de\/wp\/wp-content\/uploads\/2021\/04\/IMG_4951.jpeg 1600w\" sizes=\"auto, (max-width: 1024px) 100vw, 1024px\" \/><\/figure><\/div><div class=\"blockgallery--item\"><figure class=\"blockgallery--figure has-margin-left-5 has-margin-left-mobile-5 has-margin-right-5 has-margin-right-mobile-5\"><img loading=\"lazy\" decoding=\"async\" width=\"1024\" height=\"768\" src=\"https:\/\/radwege-hamm.de\/wp\/wp-content\/uploads\/2021\/04\/IMG_4948-1024x768.jpeg\" alt=\"\" data-id=\"2009\" data-link=\"https:\/\/radwege-hamm.de\/wp\/ausbau-der-fangstrasse\/img_4948\/\" class=\"wp-image-2009\" srcset=\"https:\/\/radwege-hamm.de\/wp\/wp-content\/uploads\/2021\/04\/IMG_4948-1024x768.jpeg 1024w, https:\/\/radwege-hamm.de\/wp\/wp-content\/uploads\/2021\/04\/IMG_4948-300x225.jpeg 300w, https:\/\/radwege-hamm.de\/wp\/wp-content\/uploads\/2021\/04\/IMG_4948-768x576.jpeg 768w, https:\/\/radwege-hamm.de\/wp\/wp-content\/uploads\/2021\/04\/IMG_4948-1536x1152.jpeg 1536w, https:\/\/radwege-hamm.de\/wp\/wp-content\/uploads\/2021\/04\/IMG_4948-1320x990.jpeg 1320w, https:\/\/radwege-hamm.de\/wp\/wp-content\/uploads\/2021\/04\/IMG_4948.jpeg 1600w\" sizes=\"auto, (max-width: 1024px) 100vw, 1024px\" \/><\/figure><\/div><div class=\"blockgallery--item\"><figure class=\"blockgallery--figure has-margin-left-5 has-margin-left-mobile-5 has-margin-right-5 has-margin-right-mobile-5\"><img loading=\"lazy\" decoding=\"async\" width=\"1024\" height=\"768\" src=\"https:\/\/radwege-hamm.de\/wp\/wp-content\/uploads\/2021\/04\/IMG_4947-1024x768.jpeg\" alt=\"\" data-id=\"2010\" data-link=\"https:\/\/radwege-hamm.de\/wp\/ausbau-der-fangstrasse\/img_4947\/\" class=\"wp-image-2010\" srcset=\"https:\/\/radwege-hamm.de\/wp\/wp-content\/uploads\/2021\/04\/IMG_4947-1024x768.jpeg 1024w, https:\/\/radwege-hamm.de\/wp\/wp-content\/uploads\/2021\/04\/IMG_4947-300x225.jpeg 300w, https:\/\/radwege-hamm.de\/wp\/wp-content\/uploads\/2021\/04\/IMG_4947-768x576.jpeg 768w, https:\/\/radwege-hamm.de\/wp\/wp-content\/uploads\/2021\/04\/IMG_4947-1536x1152.jpeg 1536w, https:\/\/radwege-hamm.de\/wp\/wp-content\/uploads\/2021\/04\/IMG_4947-1320x990.jpeg 1320w, https:\/\/radwege-hamm.de\/wp\/wp-content\/uploads\/2021\/04\/IMG_4947.jpeg 1600w\" sizes=\"auto, (max-width: 1024px) 100vw, 1024px\" \/><\/figure><\/div><div class=\"blockgallery--item\"><figure class=\"blockgallery--figure has-margin-left-5 has-margin-left-mobile-5 has-margin-right-5 has-margin-right-mobile-5\"><img loading=\"lazy\" decoding=\"async\" width=\"1024\" height=\"768\" src=\"https:\/\/radwege-hamm.de\/wp\/wp-content\/uploads\/2021\/04\/IMG_4952-1024x768.jpeg\" alt=\"\" data-id=\"2011\" data-link=\"https:\/\/radwege-hamm.de\/wp\/ausbau-der-fangstrasse\/img_4952\/\" class=\"wp-image-2011\" srcset=\"https:\/\/radwege-hamm.de\/wp\/wp-content\/uploads\/2021\/04\/IMG_4952-1024x768.jpeg 1024w, https:\/\/radwege-hamm.de\/wp\/wp-content\/uploads\/2021\/04\/IMG_4952-300x225.jpeg 300w, https:\/\/radwege-hamm.de\/wp\/wp-content\/uploads\/2021\/04\/IMG_4952-768x576.jpeg 768w, https:\/\/radwege-hamm.de\/wp\/wp-content\/uploads\/2021\/04\/IMG_4952-1536x1152.jpeg 1536w, https:\/\/radwege-hamm.de\/wp\/wp-content\/uploads\/2021\/04\/IMG_4952-1320x990.jpeg 1320w, https:\/\/radwege-hamm.de\/wp\/wp-content\/uploads\/2021\/04\/IMG_4952.jpeg 1600w\" sizes=\"auto, (max-width: 1024px) 100vw, 1024px\" \/><\/figure><\/div><div class=\"blockgallery--item\"><figure class=\"blockgallery--figure has-margin-left-5 has-margin-left-mobile-5 has-margin-right-5 has-margin-right-mobile-5\"><img loading=\"lazy\" decoding=\"async\" width=\"1024\" height=\"768\" src=\"https:\/\/radwege-hamm.de\/wp\/wp-content\/uploads\/2021\/04\/IMG_4957-1024x768.jpeg\" alt=\"\" data-id=\"2012\" data-link=\"https:\/\/radwege-hamm.de\/wp\/ausbau-der-fangstrasse\/img_4957\/\" class=\"wp-image-2012\" srcset=\"https:\/\/radwege-hamm.de\/wp\/wp-content\/uploads\/2021\/04\/IMG_4957-1024x768.jpeg 1024w, https:\/\/radwege-hamm.de\/wp\/wp-content\/uploads\/2021\/04\/IMG_4957-300x225.jpeg 300w, https:\/\/radwege-hamm.de\/wp\/wp-content\/uploads\/2021\/04\/IMG_4957-768x576.jpeg 768w, https:\/\/radwege-hamm.de\/wp\/wp-content\/uploads\/2021\/04\/IMG_4957-1536x1152.jpeg 1536w, https:\/\/radwege-hamm.de\/wp\/wp-content\/uploads\/2021\/04\/IMG_4957-1320x990.jpeg 1320w, https:\/\/radwege-hamm.de\/wp\/wp-content\/uploads\/2021\/04\/IMG_4957.jpeg 1600w\" sizes=\"auto, (max-width: 1024px) 100vw, 1024px\" \/><\/figure><\/div><div class=\"blockgallery--item\"><figure class=\"blockgallery--figure has-margin-left-5 has-margin-left-mobile-5 has-margin-right-5 has-margin-right-mobile-5\"><img loading=\"lazy\" decoding=\"async\" width=\"1024\" height=\"768\" src=\"https:\/\/radwege-hamm.de\/wp\/wp-content\/uploads\/2021\/04\/IMG_4962-1024x768.jpeg\" alt=\"\" data-id=\"2013\" data-link=\"https:\/\/radwege-hamm.de\/wp\/ausbau-der-fangstrasse\/img_4962\/\" class=\"wp-image-2013\" srcset=\"https:\/\/radwege-hamm.de\/wp\/wp-content\/uploads\/2021\/04\/IMG_4962-1024x768.jpeg 1024w, https:\/\/radwege-hamm.de\/wp\/wp-content\/uploads\/2021\/04\/IMG_4962-300x225.jpeg 300w, https:\/\/radwege-hamm.de\/wp\/wp-content\/uploads\/2021\/04\/IMG_4962-768x576.jpeg 768w, https:\/\/radwege-hamm.de\/wp\/wp-content\/uploads\/2021\/04\/IMG_4962-1536x1152.jpeg 1536w, https:\/\/radwege-hamm.de\/wp\/wp-content\/uploads\/2021\/04\/IMG_4962-1320x990.jpeg 1320w, https:\/\/radwege-hamm.de\/wp\/wp-content\/uploads\/2021\/04\/IMG_4962.jpeg 1600w\" sizes=\"auto, (max-width: 1024px) 100vw, 1024px\" \/><\/figure><\/div><div class=\"blockgallery--item\"><figure class=\"blockgallery--figure has-margin-left-5 has-margin-left-mobile-5 has-margin-right-5 has-margin-right-mobile-5\"><img loading=\"lazy\" decoding=\"async\" width=\"1024\" height=\"768\" src=\"https:\/\/radwege-hamm.de\/wp\/wp-content\/uploads\/2021\/04\/IMG_4965-1024x768.jpeg\" alt=\"\" data-id=\"2014\" data-link=\"https:\/\/radwege-hamm.de\/wp\/ausbau-der-fangstrasse\/img_4965\/\" class=\"wp-image-2014\" srcset=\"https:\/\/radwege-hamm.de\/wp\/wp-content\/uploads\/2021\/04\/IMG_4965-1024x768.jpeg 1024w, https:\/\/radwege-hamm.de\/wp\/wp-content\/uploads\/2021\/04\/IMG_4965-300x225.jpeg 300w, https:\/\/radwege-hamm.de\/wp\/wp-content\/uploads\/2021\/04\/IMG_4965-768x576.jpeg 768w, https:\/\/radwege-hamm.de\/wp\/wp-content\/uploads\/2021\/04\/IMG_4965-1536x1152.jpeg 1536w, https:\/\/radwege-hamm.de\/wp\/wp-content\/uploads\/2021\/04\/IMG_4965-1320x990.jpeg 1320w, https:\/\/radwege-hamm.de\/wp\/wp-content\/uploads\/2021\/04\/IMG_4965.jpeg 1600w\" sizes=\"auto, (max-width: 1024px) 100vw, 1024px\" \/><\/figure><\/div><div class=\"blockgallery--item\"><figure class=\"blockgallery--figure has-margin-left-5 has-margin-left-mobile-5 has-margin-right-5 has-margin-right-mobile-5\"><img loading=\"lazy\" decoding=\"async\" width=\"1024\" height=\"768\" src=\"https:\/\/radwege-hamm.de\/wp\/wp-content\/uploads\/2021\/04\/IMG_4966-1024x768.jpeg\" alt=\"\" data-id=\"2015\" data-link=\"https:\/\/radwege-hamm.de\/wp\/ausbau-der-fangstrasse\/img_4966\/\" class=\"wp-image-2015\" srcset=\"https:\/\/radwege-hamm.de\/wp\/wp-content\/uploads\/2021\/04\/IMG_4966-1024x768.jpeg 1024w, https:\/\/radwege-hamm.de\/wp\/wp-content\/uploads\/2021\/04\/IMG_4966-300x225.jpeg 300w, https:\/\/radwege-hamm.de\/wp\/wp-content\/uploads\/2021\/04\/IMG_4966-768x576.jpeg 768w, https:\/\/radwege-hamm.de\/wp\/wp-content\/uploads\/2021\/04\/IMG_4966-1536x1152.jpeg 1536w, https:\/\/radwege-hamm.de\/wp\/wp-content\/uploads\/2021\/04\/IMG_4966-1320x990.jpeg 1320w, https:\/\/radwege-hamm.de\/wp\/wp-content\/uploads\/2021\/04\/IMG_4966.jpeg 1600w\" sizes=\"auto, (max-width: 1024px) 100vw, 1024px\" \/><\/figure><\/div><\/div><\/div><\/div>\n\n\n\n<h4 class=\"wp-block-heading\">Mehrzweckstreifen mit parkenden Autos<\/h4>\n\n\n\n<p>Zwischen der Br\u00fccke der Zechenbahn und Herringen gibt es ebenfalls keinen Radweg, sondern einen <strong>Mehrzweckstreifen<\/strong>. Da es aber kein Halte- oder Parkverbot gibt, wird der Mehrzweckstreifen auch zum Parken benutzt. Radfahrer m\u00fcssen sich in diesem Fall auf die Fahrbahn einordnen, was nicht ungef\u00e4hrlich ist.&nbsp;<\/p>\n\n\n\n<p>Leider hat es die Stadt Hamm beim Ausbau der Fangstra\u00dfe verpasst, eine fahrradfreundliche L\u00f6sung f\u00fcr die Verbindung zwischen Hamm und Herringen zu schaffen. So wird das nichts mit einer Verkehrswende f\u00fcr Hamm.<\/p>\n\n\n\n<h4 class=\"wp-block-heading\">Auszug aus dem Beschluss des Rats<\/h4>\n\n\n\n<blockquote class=\"wp-block-quote is-layout-flow wp-block-quote-is-layout-flow\"><p>\u201cAls Gr\u00fcndungsmitglied der AGFS f\u00f6rdert die Stadt Hamm seit Jahrzehnten den Ausbau des Radverkehrsnetzes. Im Zuge der Fahrbahnerneuerung soll die Gelegenheit genutzt werden, einen weiteren Stra\u00dfenabschnitt mit besserer Ber\u00fccksichtigung des Radverkehrs umzugestalten. Dieses Ziel entspricht ebenfalls dem im kommunalen Klimaaktionsplan (Beschlussvorlage 2007\/19) geforderten Ausbau des Radverkehrswegenetzes. Die Fangstra\u00dfe (L 881) dient, in Verbindung mit der Stra\u00dfe Zum Torksfeld, als Zubringer der Radfahrer zum landesweiten Radverkehrsnetz entlang des Datteln-Hamm Kanals, \u00fcber welches ebenfalls die R\u00f6mer-Lippe-Route und die Landesgartenschau-Route verl\u00e4uft. Sp\u00e4ter wird hier der RS1 gef\u00fchrt.In Herringen, vom Knoten Fangstra\u00dfe \u2013Holzstra\u00dfe bis Ortsausgang Herringen wurde bei einer Erneuerungsma\u00dfnahme bereits die Gelegenheit zur Ummarkierung mit Angebotsstreifen f\u00fcr Radfahrer genutzt. Auf der freien Strecke zwischen Herringen und Wiescherh\u00f6fen wird der Radverkehr \u00fcber die vorhandenen Mehrzweckstreifen gesichert gef\u00fchrt. Es bietet sich an, die Erneuerung des Abschnittes Ortseingang Wiescherh\u00f6fen bis Kamener Stra\u00dfe ebenfalls f\u00fcr den Radverkehr umzugestalten. Dadurch wird eine Verbindung Pelkum Herringen f\u00fcr den Radverkehr weiter aufgewertet.\u201d<\/p><\/blockquote>\n\n\n\n<figure class=\"wp-block-image size-large is-style-default\"><a href=\"https:\/\/radwege-hamm.de\/wp\/wp-content\/uploads\/2021\/04\/Bildschirmfoto-2021-04-18-um-12.44.33.png\"><img loading=\"lazy\" decoding=\"async\" width=\"1024\" height=\"453\" src=\"https:\/\/radwege-hamm.de\/wp\/wp-content\/uploads\/2021\/04\/Bildschirmfoto-2021-04-18-um-12.44.33-1024x453.png\" alt=\"\" class=\"wp-image-1998\" srcset=\"https:\/\/radwege-hamm.de\/wp\/wp-content\/uploads\/2021\/04\/Bildschirmfoto-2021-04-18-um-12.44.33-1024x453.png 1024w, https:\/\/radwege-hamm.de\/wp\/wp-content\/uploads\/2021\/04\/Bildschirmfoto-2021-04-18-um-12.44.33-300x133.png 300w, https:\/\/radwege-hamm.de\/wp\/wp-content\/uploads\/2021\/04\/Bildschirmfoto-2021-04-18-um-12.44.33-768x340.png 768w, https:\/\/radwege-hamm.de\/wp\/wp-content\/uploads\/2021\/04\/Bildschirmfoto-2021-04-18-um-12.44.33-1536x680.png 1536w, https:\/\/radwege-hamm.de\/wp\/wp-content\/uploads\/2021\/04\/Bildschirmfoto-2021-04-18-um-12.44.33-2048x906.png 2048w, https:\/\/radwege-hamm.de\/wp\/wp-content\/uploads\/2021\/04\/Bildschirmfoto-2021-04-18-um-12.44.33-1320x584.png 1320w\" sizes=\"auto, (max-width: 1024px) 100vw, 1024px\" \/><\/a><figcaption>Auszug aus der Planung<\/figcaption><\/figure>\n\n\n\n<p>Die zuk\u00fcnftige Querschnittsaufteilung stellt sich wie folgt dar:<\/p>\n\n\n\n<ul class=\"wp-block-list\"><li>2,00 m Gehweg<\/li><li>2,00 m Parkstreifen<\/li><li>0,50 m Sicherheitsstreifen<\/li><li>1,50 m Angebotsstreifen f\u00fcr Radfahrer<\/li><li>Ca. 5,40 \u20135,50 m Fahrbahn<\/li><li>1,50 m Angebotsstreifen f\u00fcr Radfahrer<\/li><li>2,00 m Gehweg<\/li><\/ul>\n\n\n\n<blockquote class=\"wp-block-quote is-layout-flow wp-block-quote-is-layout-flow\"><p>Trotz Anlage der Schutzstreifen verbleibt eine Fahrbahnbreite von ca. 5,40 \u20135,50 m (Mindestbreite gem. Richtlinie 4,50 m), welche das erlaubte \u00dcberfahren der Angebotsstreifen durch KFZ bei Begegnungsverkehr erheblich reduziert.&nbsp;<\/p><p>Am Ausbauanfang (Ortsausgang) wird der Radfahrer, von Norden kommend, vom Mehrzweckstreifen in den Angebotsstreifen \u00fcbergeleitet. Im Bereich des Br\u00fcckenbauwerkes der Zechenbahn verschwenkt die Fahrbahn und der Parkstreifen wechselt die Fahrbahnseite. <strong>Vor dem Kreuzungsbereich mit der Kamener Stra\u00dfe wird der Angebotsstreifen regelkonform aufgel\u00f6st.<\/strong> Parallel der Kamener Stra\u00dfe gibt es weiterf\u00fchrende gesicherte Radverkehrsanlagen.<\/p><\/blockquote>\n\n\n\n<p><\/p>\n","protected":false},"excerpt":{"rendered":"<p>Mitte Dezember 2020 hat der Rat der Stadt Hamm die Erneuerung der Fangstra\u00dfe beschlossen. Die Fangstra\u00dfe stellt die direkte Verbindung zwischen Pelkum und Herringen dar und wird laut Verkehrsbericht von 2018 t\u00e4glich von 9000 PKW befahren bei einem LKW-Anteil von 12 %. Die Fangstra\u00dfe geh\u00f6rt damit nach der Kamener Stra\u00dfe [&hellip;]<\/p>\n","protected":false},"author":1,"featured_media":2010,"comment_status":"open","ping_status":"closed","sticky":false,"template":"","format":"standard","meta":{"_EventAllDay":false,"_EventTimezone":"","_EventStartDate":"","_EventEndDate":"","_EventStartDateUTC":"","_EventEndDateUTC":"","_EventShowMap":false,"_EventShowMapLink":false,"_EventURL":"","_EventCost":"","_EventCostDescription":"","_EventCurrencySymbol":"","_EventCurrencyCode":"","_EventCurrencyPosition":"","_EventDateTimeSeparator":"","_EventTimeRangeSeparator":"","_EventOrganizerID":[],"_EventVenueID":[],"_OrganizerEmail":"","_OrganizerPhone":"","_OrganizerWebsite":"","_VenueAddress":"","_VenueCity":"","_VenueCountry":"","_VenueProvince":"","_VenueState":"","_VenueZip":"","_VenuePhone":"","_VenueURL":"","_VenueStateProvince":"","_VenueLat":"","_VenueLng":"","_VenueShowMap":false,"_VenueShowMapLink":false,"_themeisle_gutenberg_block_has_review":false,"footnotes":""},"categories":[1,7,33],"tags":[],"class_list":["post-1995","post","type-post","status-publish","format-standard","has-post-thumbnail","hentry","category-allgemein","category-radwege","category-politik"],"_links":{"self":[{"href":"https:\/\/radwege-hamm.de\/wp\/wp-json\/wp\/v2\/posts\/1995","targetHints":{"allow":["GET"]}}],"collection":[{"href":"https:\/\/radwege-hamm.de\/wp\/wp-json\/wp\/v2\/posts"}],"about":[{"href":"https:\/\/radwege-hamm.de\/wp\/wp-json\/wp\/v2\/types\/post"}],"author":[{"embeddable":true,"href":"https:\/\/radwege-hamm.de\/wp\/wp-json\/wp\/v2\/users\/1"}],"replies":[{"embeddable":true,"href":"https:\/\/radwege-hamm.de\/wp\/wp-json\/wp\/v2\/comments?post=1995"}],"version-history":[{"count":6,"href":"https:\/\/radwege-hamm.de\/wp\/wp-json\/wp\/v2\/posts\/1995\/revisions"}],"predecessor-version":[{"id":2017,"href":"https:\/\/radwege-hamm.de\/wp\/wp-json\/wp\/v2\/posts\/1995\/revisions\/2017"}],"wp:featuredmedia":[{"embeddable":true,"href":"https:\/\/radwege-hamm.de\/wp\/wp-json\/wp\/v2\/media\/2010"}],"wp:attachment":[{"href":"https:\/\/radwege-hamm.de\/wp\/wp-json\/wp\/v2\/media?parent=1995"}],"wp:term":[{"taxonomy":"category","embeddable":true,"href":"https:\/\/radwege-hamm.de\/wp\/wp-json\/wp\/v2\/categories?post=1995"},{"taxonomy":"post_tag","embeddable":true,"href":"https:\/\/radwege-hamm.de\/wp\/wp-json\/wp\/v2\/tags?post=1995"}],"curies":[{"name":"wp","href":"https:\/\/api.w.org\/{rel}","templated":true}]}}