{"id":2132,"date":"2021-06-06T15:01:52","date_gmt":"2021-06-06T15:01:52","guid":{"rendered":"https:\/\/radwege-hamm.de\/wp\/?p=2132"},"modified":"2024-01-11T10:12:58","modified_gmt":"2024-01-11T10:12:58","slug":"umlaufsperren-werden-beseitigt","status":"publish","type":"post","link":"https:\/\/radwege-hamm.de\/wp\/umlaufsperren-werden-beseitigt\/","title":{"rendered":"Umlaufsperren werden beseitigt"},"content":{"rendered":"<div class=\"wp-block-image is-style-default\">\n<figure class=\"alignleft size-large is-resized\"><img loading=\"lazy\" decoding=\"async\" width=\"1000\" height=\"822\" src=\"https:\/\/radwege-hamm.de\/wp\/wp-content\/uploads\/2021\/06\/Bildschirmfoto-2021-06-06-um-16.54.13.png\" alt=\"\" class=\"wp-image-2134\" style=\"width:337px;height:277px\" srcset=\"https:\/\/radwege-hamm.de\/wp\/wp-content\/uploads\/2021\/06\/Bildschirmfoto-2021-06-06-um-16.54.13.png 1000w, https:\/\/radwege-hamm.de\/wp\/wp-content\/uploads\/2021\/06\/Bildschirmfoto-2021-06-06-um-16.54.13-300x247.png 300w, https:\/\/radwege-hamm.de\/wp\/wp-content\/uploads\/2021\/06\/Bildschirmfoto-2021-06-06-um-16.54.13-768x631.png 768w\" sizes=\"auto, (max-width: 1000px) 100vw, 1000px\" \/><figcaption class=\"wp-element-caption\">Umlaufsperre an der Kohlenbahntrasse<\/figcaption><\/figure>\n<\/div>\n\n\n<p>Im Ideenmelder (<a href=\"https:\/\/adfc-archiv.bankerheide.de\/\">adfc-ideenmelder.hpadm.de<\/a>) hat der ADFC Hamm im letzten Jahr in einer sehr erfolgreichen Aktion Verbesserungsvorschl\u00e4ge f\u00fcr die Radwege in Hamm gesammelt. Ein h\u00e4ufig genannter Punkt bei den Eintragungen war die Beseitigung von Umlaufsperren auf Radwegen. Die Eintr\u00e4ge im Ideenmelder wurden nach Abschluss der Aktion der Stadtverwaltung \u00fcbermittelt und einige Mitglieder des ADFC hatten die Gelegenheit, eine Zusammenfassung der Ergebnisse Vertretern der Stadt Hamm unter Leitung von Stadtbaudirektor Andreas Mentz zu pr\u00e4sentieren.<\/p>\n\n\n\n<p>Die Stadtverwaltung hat jetzt reagiert und umfangreiche Vorlagen f\u00fcr die n\u00e4chsten Sitzungen der Bezirksvertretungen in Hamm erarbeitet mit Vorschl\u00e4gen f\u00fcr die Beseitigung oder Umwandlung von Wegesperren. Insgesamt 119 Wegesperren standen auf dem Pr\u00fcfstand. Etliche Umlaufsperren sollen durch einfache Pfosten ersetzt werden oder, wo sie weiterhin notwendig sind, so umgebaut werden, dass sie eine Mindestbreite von 1,5 m haben.<\/p>\n\n\n\n<p>In den Ratsvorlagen f\u00fcr die 5 Hammer Stadtbezirke sind alle Umlaufsperren mit Photos dokumentiert und deren Standort auf Karten markiert.&nbsp;<\/p>\n\n\n\n<h3 class=\"wp-block-heading\">Beschlussvorlagen und \u00dcbersichtspl\u00e4ne<\/h3>\n\n\n\n<h4 class=\"wp-block-heading\">Hamm Mitte<\/h4>\n\n\n<div class=\"wp-block-image is-style-default\">\n<figure class=\"alignright size-large is-resized\"><img loading=\"lazy\" decoding=\"async\" width=\"1000\" height=\"793\" src=\"https:\/\/radwege-hamm.de\/wp\/wp-content\/uploads\/2021\/06\/Bildschirmfoto-2021-06-06-um-16.56.35.png\" alt=\"\" class=\"wp-image-2143\" style=\"width:500px;height:397px\" srcset=\"https:\/\/radwege-hamm.de\/wp\/wp-content\/uploads\/2021\/06\/Bildschirmfoto-2021-06-06-um-16.56.35.png 1000w, https:\/\/radwege-hamm.de\/wp\/wp-content\/uploads\/2021\/06\/Bildschirmfoto-2021-06-06-um-16.56.35-300x238.png 300w, https:\/\/radwege-hamm.de\/wp\/wp-content\/uploads\/2021\/06\/Bildschirmfoto-2021-06-06-um-16.56.35-768x609.png 768w\" sizes=\"auto, (max-width: 1000px) 100vw, 1000px\" \/><figcaption class=\"wp-element-caption\">Umlaufsprerre Am H\u00fclsenbusch<\/figcaption><\/figure>\n<\/div>\n\n\n<ul class=\"wp-block-list\">\n<li><a href=\"https:\/\/wiki.radwege-hamm.de\/lib\/exe\/fetch.php?media=beschluss_0375_21-wegesperren-hamm-mitte.pdf\" target=\"_blank\" rel=\"noreferrer noopener\">Beschlussvorlage<\/a><\/li>\n\n\n\n<li><a href=\"https:\/\/wiki.radwege-hamm.de\/lib\/exe\/fetch.php?media=uebersichtsplan_1_15000_-wegesperren_mitte.pdf\" target=\"_blank\" rel=\"noreferrer noopener\">\u00dcbersichtsplan<\/a><\/li>\n<\/ul>\n\n\n\n<h4 class=\"wp-block-heading\">Bockum-H\u00f6vel<\/h4>\n\n\n\n<ul class=\"wp-block-list\">\n<li><a href=\"https:\/\/wiki.radwege-hamm.de\/lib\/exe\/fetch.php?media=beschluss_0380_21-wegesperren_bockum-hoevel.pdf\" target=\"_blank\" rel=\"noreferrer noopener\">Beschlussvorlage<\/a><\/li>\n\n\n\n<li><a href=\"https:\/\/wiki.radwege-hamm.de\/lib\/exe\/fetch.php?media=uebersichtsplan_1_10000_-wegesperren_bockum-hoevel.pdf\" target=\"_blank\" rel=\"noreferrer noopener\">\u00dcbersichtsplan<\/a><\/li>\n<\/ul>\n\n\n\n<h4 class=\"wp-block-heading\">Heessen<\/h4>\n\n\n\n<ul class=\"wp-block-list\">\n<li><a href=\"https:\/\/wiki.radwege-hamm.de\/lib\/exe\/fetch.php?media=beschluss_0381_21-wegesperren-heessen.pdf\" target=\"_blank\" rel=\"noreferrer noopener\">Beschlussvorlage<\/a><\/li>\n\n\n\n<li><a href=\"https:\/\/wiki.radwege-hamm.de\/lib\/exe\/fetch.php?media=uebersichtsplan_1_10000_-wegesperren_bockum-hoevel.pdf\" target=\"_blank\" rel=\"noreferrer noopener\">\u00dcbersichtsplan<\/a><\/li>\n<\/ul>\n\n\n\n<h4 class=\"wp-block-heading\">Herringen<\/h4>\n\n\n\n<ul class=\"wp-block-list\">\n<li><a href=\"https:\/\/wiki.radwege-hamm.de\/lib\/exe\/fetch.php?media=beschluss_0379_21-wegesperren-herringen.pdf\" target=\"_blank\" rel=\"noreferrer noopener\">Beschlussvorlage<\/a><\/li>\n\n\n\n<li><a href=\"https:\/\/wiki.radwege-hamm.de\/lib\/exe\/fetch.php?media=uebersichtsplan_1_10000_-wegesperren_herringen.pdf\" target=\"_blank\" rel=\"noreferrer noopener\">\u00dcbersichtsplan<\/a><\/li>\n<\/ul>\n\n\n\n<h4 class=\"wp-block-heading\">Pelkum<\/h4>\n\n\n\n<ul class=\"wp-block-list\">\n<li><a href=\"https:\/\/wiki.radwege-hamm.de\/lib\/exe\/fetch.php?media=beschluss_0378_21-wegesperren-pelkum.pdf\" target=\"_blank\" rel=\"noreferrer noopener\">Beschlussvorlage<\/a><\/li>\n\n\n\n<li><a href=\"https:\/\/wiki.radwege-hamm.de\/lib\/exe\/fetch.php?media=uebersichtsplan_1_10000_-wegesperren_pelkum.pdf\" target=\"_blank\" rel=\"noreferrer noopener\">\u00dcbersichtsplan<\/a><\/li>\n<\/ul>\n\n\n\n<h4 class=\"wp-block-heading\">Rhynern<\/h4>\n\n\n\n<ul class=\"wp-block-list\">\n<li><a href=\"https:\/\/wiki.radwege-hamm.de\/lib\/exe\/fetch.php?media=beschluss_0377_21-_wegesperren-rhynern.pdf\" target=\"_blank\" rel=\"noreferrer noopener\">Beschlussvorlage<\/a><\/li>\n\n\n\n<li><a href=\"https:\/\/wiki.radwege-hamm.de\/lib\/exe\/fetch.php?media=uebersichtsplan_1_15000_-_wegesperren_rhynern.pdf\" target=\"_blank\" rel=\"noreferrer noopener\">\u00dcbersichtsplan<\/a><\/li>\n<\/ul>\n\n\n\n<h4 class=\"wp-block-heading\">Uentrop<\/h4>\n\n\n\n<ul class=\"wp-block-list\">\n<li><a href=\"https:\/\/wiki.radwege-hamm.de\/lib\/exe\/fetch.php?media=beschluss_0376_21-wegesperren_uentrop.pdf\" target=\"_blank\" rel=\"noreferrer noopener\">Beschlussvorlage<\/a><\/li>\n\n\n\n<li><a href=\"https:\/\/wiki.radwege-hamm.de\/lib\/exe\/fetch.php?media=uebersichtplan_1_10000_-wegesperren_uentrop.pdf\" target=\"_blank\" rel=\"noreferrer noopener\">\u00dcbersichtsplan<\/a><\/li>\n<\/ul>\n\n\n\n<p><\/p>\n","protected":false},"excerpt":{"rendered":"<p>Im Ideenmelder (adfc-ideenmelder.hpadm.de) hat der ADFC Hamm im letzten Jahr in einer sehr erfolgreichen Aktion Verbesserungsvorschl\u00e4ge f\u00fcr die Radwege in Hamm gesammelt. Ein h\u00e4ufig genannter Punkt bei den Eintragungen war die Beseitigung von Umlaufsperren auf Radwegen. Die Eintr\u00e4ge im Ideenmelder wurden nach Abschluss der Aktion der Stadtverwaltung \u00fcbermittelt und einige [&hellip;]<\/p>\n","protected":false},"author":1,"featured_media":2134,"comment_status":"open","ping_status":"closed","sticky":false,"template":"","format":"standard","meta":{"_EventAllDay":false,"_EventTimezone":"","_EventStartDate":"","_EventEndDate":"","_EventStartDateUTC":"","_EventEndDateUTC":"","_EventShowMap":false,"_EventShowMapLink":false,"_EventURL":"","_EventCost":"","_EventCostDescription":"","_EventCurrencySymbol":"","_EventCurrencyCode":"","_EventCurrencyPosition":"","_EventDateTimeSeparator":"","_EventTimeRangeSeparator":"","_EventOrganizerID":[],"_EventVenueID":[],"_OrganizerEmail":"","_OrganizerPhone":"","_OrganizerWebsite":"","_VenueAddress":"","_VenueCity":"","_VenueCountry":"","_VenueProvince":"","_VenueState":"","_VenueZip":"","_VenuePhone":"","_VenueURL":"","_VenueStateProvince":"","_VenueLat":"","_VenueLng":"","_VenueShowMap":false,"_VenueShowMapLink":false,"_themeisle_gutenberg_block_has_review":false,"footnotes":""},"categories":[1,7,33],"tags":[],"class_list":["post-2132","post","type-post","status-publish","format-standard","has-post-thumbnail","hentry","category-allgemein","category-radwege","category-politik"],"_links":{"self":[{"href":"https:\/\/radwege-hamm.de\/wp\/wp-json\/wp\/v2\/posts\/2132","targetHints":{"allow":["GET"]}}],"collection":[{"href":"https:\/\/radwege-hamm.de\/wp\/wp-json\/wp\/v2\/posts"}],"about":[{"href":"https:\/\/radwege-hamm.de\/wp\/wp-json\/wp\/v2\/types\/post"}],"author":[{"embeddable":true,"href":"https:\/\/radwege-hamm.de\/wp\/wp-json\/wp\/v2\/users\/1"}],"replies":[{"embeddable":true,"href":"https:\/\/radwege-hamm.de\/wp\/wp-json\/wp\/v2\/comments?post=2132"}],"version-history":[{"count":11,"href":"https:\/\/radwege-hamm.de\/wp\/wp-json\/wp\/v2\/posts\/2132\/revisions"}],"predecessor-version":[{"id":4359,"href":"https:\/\/radwege-hamm.de\/wp\/wp-json\/wp\/v2\/posts\/2132\/revisions\/4359"}],"wp:featuredmedia":[{"embeddable":true,"href":"https:\/\/radwege-hamm.de\/wp\/wp-json\/wp\/v2\/media\/2134"}],"wp:attachment":[{"href":"https:\/\/radwege-hamm.de\/wp\/wp-json\/wp\/v2\/media?parent=2132"}],"wp:term":[{"taxonomy":"category","embeddable":true,"href":"https:\/\/radwege-hamm.de\/wp\/wp-json\/wp\/v2\/categories?post=2132"},{"taxonomy":"post_tag","embeddable":true,"href":"https:\/\/radwege-hamm.de\/wp\/wp-json\/wp\/v2\/tags?post=2132"}],"curies":[{"name":"wp","href":"https:\/\/api.w.org\/{rel}","templated":true}]}}