







{"id":2585,"date":"2021-11-27T19:21:50","date_gmt":"2021-11-27T19:21:50","guid":{"rendered":"https:\/\/radwege-hamm.de\/wp\/?p=2585"},"modified":"2024-03-09T09:58:54","modified_gmt":"2024-03-09T09:58:54","slug":"bahntrassenradeln-in-hamm","status":"publish","type":"post","link":"https:\/\/radwege-hamm.de\/wp\/bahntrassenradeln-in-hamm\/","title":{"rendered":"Bahntrassenradeln in Hamm"},"content":{"rendered":"\n<p>Im Ruhrgebiet gibt es eine Vielzahl von alten Bahntrassen, die aufgrund der Schlie\u00dfung von&nbsp; Zechen nicht mehr ben\u00f6tigt werden. Auch viele regionale Eisenbahnstrecken wurden stillgelegt. Die noch vorhanden Trassen lassen sich hervorragend in Radwege umgestalten, da sie nur geringe Steigungen und wenige Kurven aufweisen. Im Ruhrgebiet gibt es viele solcher Bahntrassen-Radwege, in Hamm sind mir vier bekannt.<\/p>\n\n\n\n<h2 class=\"wp-block-heading\">Kleinbahntrasse<\/h2>\n\n\n\n<p>Die AG Ruhr-Lippe-Eisenbahnen war ein Verkehrsunternehmen, das ein Netz von Kleinbahnen im Raum Hamm, Werl, Soest und Arnsberg betrieben hat. Da Ende des 19. Jahrhunderts die preu\u00dfische Staatsbahn nicht bereit war, abseits der Hauptstrecken weitere Gebiete zu erschlie\u00dfen, hat der Kreis Soest die Initiative zum Bau einer Kleinbahn mit einer 100 cm Spur zwischen Soest und Arnsberg entschlossen. Nun erkannte man auch beim Kreis Hamm die Bedeutung des Kleinbahnbaus. Der Kreistag Hamm beschlie\u00dft 1899 den Bau der Kleinbahnen Hamm &#8211; Rhynern &#8211; Werl und Hamm &#8211; Lippborg &#8211; Oestinghausen.<\/p>\n\n\n\n<p>Auf eigene Kosten wird eine schmalspurige Strecke von Hamm Stadt \u00fcber Rhynern nach Werl gebaut, die dort an die Soester Kreisbahn anschloss. Sie war 16 Kilometer lang und nahm am 1. Februar 1901 den Betrieb auf.&nbsp;<\/p>\n\n\n\n<p>Eine weitere Strecke wurde \u00fcber Uentrop nach Lippborg 1904 gelegt, die noch heute erhalten ist und f\u00fcr G\u00fcterverkehr nach Uentrop und gelegentlich von den Eisenbahnfreunden Hamm f\u00fcr Fahrten nach Lippborg benutzt wird. Knapp 60 Jahre fuhr der Pengel Anton zwischen Hamm und Werl, der alte Bahnhof in Rhynern ist noch erhalten. Die Kleinbahnstra\u00dfe in Rhynern erinnert an die Trasse. Am 15.10.1959 wird die Strecke Rhynern &#8211; Werl eingestellt und kurz darauf abgebaut, die Strecke von Rhynern nach Hamm wurde am 04. M\u00e4rz 1962 eingestellt.<\/p>\n\n\n\n<p>Heute ist die Trasse nur noch zum Teil erhalten, einige Bereiche&nbsp; in Rhynern wurden \u00fcberbaut. Auf alten Messtischbl\u00e4ttern kann man den Verlauf der Bahnstrecke gut erkennen.<\/p>\n\n\n<div class=\"wp-block-image is-style-default\">\n<figure class=\"aligncenter size-large is-resized\"><a href=\"https:\/\/radwege-hamm.de\/wp\/wp-content\/uploads\/2021\/11\/Kleinbahntrasse_1.png\"><img loading=\"lazy\" decoding=\"async\" width=\"1024\" height=\"707\" src=\"https:\/\/radwege-hamm.de\/wp\/wp-content\/uploads\/2021\/11\/Kleinbahntrasse_1-1024x707.png\" alt=\"\" class=\"wp-image-2587\" style=\"width:459px;height:316px\" srcset=\"https:\/\/radwege-hamm.de\/wp\/wp-content\/uploads\/2021\/11\/Kleinbahntrasse_1-1024x707.png 1024w, https:\/\/radwege-hamm.de\/wp\/wp-content\/uploads\/2021\/11\/Kleinbahntrasse_1-300x207.png 300w, https:\/\/radwege-hamm.de\/wp\/wp-content\/uploads\/2021\/11\/Kleinbahntrasse_1-768x530.png 768w, https:\/\/radwege-hamm.de\/wp\/wp-content\/uploads\/2021\/11\/Kleinbahntrasse_1-1536x1060.png 1536w, https:\/\/radwege-hamm.de\/wp\/wp-content\/uploads\/2021\/11\/Kleinbahntrasse_1-1320x911.png 1320w, https:\/\/radwege-hamm.de\/wp\/wp-content\/uploads\/2021\/11\/Kleinbahntrasse_1.png 1828w\" sizes=\"auto, (max-width: 1024px) 100vw, 1024px\" \/><\/a><\/figure>\n<\/div>\n\n<div class=\"wp-block-image is-style-default\">\n<figure class=\"aligncenter size-large is-resized\"><a href=\"https:\/\/radwege-hamm.de\/wp\/wp-content\/uploads\/2021\/11\/Kleinbahntrasse_2.png\"><img loading=\"lazy\" decoding=\"async\" width=\"1024\" height=\"586\" src=\"https:\/\/radwege-hamm.de\/wp\/wp-content\/uploads\/2021\/11\/Kleinbahntrasse_2-1024x586.png\" alt=\"\" class=\"wp-image-2588\" style=\"width:463px;height:264px\" srcset=\"https:\/\/radwege-hamm.de\/wp\/wp-content\/uploads\/2021\/11\/Kleinbahntrasse_2-1024x586.png 1024w, https:\/\/radwege-hamm.de\/wp\/wp-content\/uploads\/2021\/11\/Kleinbahntrasse_2-300x172.png 300w, https:\/\/radwege-hamm.de\/wp\/wp-content\/uploads\/2021\/11\/Kleinbahntrasse_2-768x440.png 768w, https:\/\/radwege-hamm.de\/wp\/wp-content\/uploads\/2021\/11\/Kleinbahntrasse_2-1536x880.png 1536w, https:\/\/radwege-hamm.de\/wp\/wp-content\/uploads\/2021\/11\/Kleinbahntrasse_2-2048x1173.png 2048w, https:\/\/radwege-hamm.de\/wp\/wp-content\/uploads\/2021\/11\/Kleinbahntrasse_2-1320x756.png 1320w\" sizes=\"auto, (max-width: 1024px) 100vw, 1024px\" \/><\/a><\/figure>\n<\/div>\n\n\n<p>Teile der alten Trasse werden inzwischen als Radweg nach Rhynern benutzt. Zwischen Gr\u00fcnstra\u00dfe und Werler Stra\u00dfe befindet sich der Radweg neben der Bahntrasse. Ab der Dr.-Loeb-Caldenhof-Str. bis zum Rhynernberg verl\u00e4uft der Radweg dann auf der Kleinbahntrasse. Danach ist die urspr\u00fcngliche Trasse bis zur Kleinbahnstra\u00dfe  \u00fcberbaut und nicht mehr erkennbar.<\/p>\n\n\n<link rel='stylesheet' id='osm-ol3-css-css' href='https:\/\/radwege-hamm.de\/wp\/wp-content\/plugins\/osm\/js\/OL\/10.9.0\/ol.css?ver=6.9.4' type='text\/css' media='all' \/>\n<link rel='stylesheet' id='osm-ol3-ext-css-css' href='https:\/\/radwege-hamm.de\/wp\/wp-content\/plugins\/osm\/css\/osm_map_v3.css?ver=6.9.4' type='text\/css' media='all' \/>\n<link rel='stylesheet' id='osm-map-css-css' href='https:\/\/radwege-hamm.de\/wp\/wp-content\/plugins\/osm\/css\/osm_map.css?ver=6.9.4' type='text\/css' media='all' \/>\n<script type=\"text\/javascript\" src=\"https:\/\/radwege-hamm.de\/wp\/wp-includes\/js\/dist\/vendor\/wp-polyfill.min.js?ver=3.15.0\" id=\"wp-polyfill-js\"><\/script>\n<script type=\"text\/javascript\" src=\"https:\/\/radwege-hamm.de\/wp\/wp-content\/plugins\/osm\/js\/OL\/10.9.0\/ol.js?ver=10.9.0\" id=\"osm-ol3-library-js\"><\/script>\n<script type=\"text\/javascript\" src=\"https:\/\/radwege-hamm.de\/wp\/wp-content\/plugins\/osm\/js\/osm-v3-plugin-lib.js?ver=1.0.0\" id=\"osm-ol3-ext-library-js\"><\/script>\n<script type=\"text\/javascript\" src=\"https:\/\/radwege-hamm.de\/wp\/wp-content\/plugins\/osm\/js\/osm-metabox-events.js?ver=1.0.0\" id=\"osm-ol3-metabox-events-js\"><\/script>\n<script type=\"text\/javascript\" src=\"https:\/\/radwege-hamm.de\/wp\/wp-includes\/js\/jquery\/jquery.min.js?ver=3.7.1\" id=\"jquery-core-js\"><\/script>\n<script type=\"text\/javascript\" src=\"https:\/\/radwege-hamm.de\/wp\/wp-includes\/js\/jquery\/jquery-migrate.min.js?ver=3.4.1\" id=\"jquery-migrate-js\"><\/script>\n<script type=\"text\/javascript\" id=\"osm-map-startup-js-extra\">\n\/* <![CDATA[ *\/\nvar translations = {\"openlayer\":\"open layer\",\"openlayerAtStartup\":\"open layer at startup\",\"generateLink\":\"link to this map with opened layers\",\"shortDescription\":\"short description\",\"generatedShortCode\":\"to get a text control link paste this code in your wordpress editor\",\"closeLayer\":\"close layer\",\"cantGenerateLink\":\"put this string in the existing map short code to control this map\"};\n\/\/# sourceURL=osm-map-startup-js-extra\n\/* ]]> *\/\n<\/script>\n<script type=\"text\/javascript\" src=\"https:\/\/radwege-hamm.de\/wp\/wp-content\/plugins\/osm\/js\/osm-startup-lib.js?ver=V6.2.5\" id=\"osm-map-startup-js\"><\/script>\n\n        <div id=\"map_ol3js_1\"\n       class=\"osm-map-container undefined\"\n             data-map_name=\"undefined\"\n             data-map=\"map_ol3js_1\"\n             data-autoshow=\"no\"\n             style=\"width:100%;\n                    max-width:100%;\n                    height:450px;\n                    display:block;\n                    overflow:hidden;\n                    border:2px solid grey;\n                    position: relative;\">\n          <div id=\"map_ol3js_1_popup\" class=\"ol-popup\">\n            <a href=\"#\" id=\"map_ol3js_1_popup-closer\" class=\"ol-popup-closer\"><\/a>\n            <div id=\"map_ol3js_1_popup-content\"><\/div>\n          <\/div>\n        <\/div>\n    <script type=\"text\/javascript\">\n\t\t\t  vectorM['map_ol3js_1'] = [];\n\t        \n        var raster = getTileLayer(\"osm\",\"NoKey\");\t\t\t\n\n\t\t\t  var map_ol3js_1 = new ol.Map({\n\t\t\t\tinteractions: ol.interaction.defaults.defaults({mouseWheelZoom:false}),\n\t\t\t\tlayers: [raster],\n\t\t\t\ttarget: \"map_ol3js_1\",\n\t\t\t\tview: new ol.View({\n\t\t\t\t  center: ol.proj.transform([6.378,58.213], \"EPSG:4326\", \"EPSG:3857\"),\n\t\t\t\t  zoom: 9\n\t\t\t\t})\n\t\t\t  });\n\t\t\t  \n    var style_map_ol3js_1_0 = {\n      \"Point\": [new ol.style.Style({\n\n          image: new ol.style.Icon({\n            anchor: [0.5, 41],\n            anchorXUnits: \"fraction\",\n            anchorYUnits: \"pixels\",\n            opacity: 0.75,\n            src: \"https:\/\/radwege-hamm.de\/wp\/wp-content\/plugins\/osm\/icons\/mic_blue_pinother_02.png\"\n          })\n      })],\n\n      \"LineString\": [new ol.style.Style({\n        stroke: new ol.style.Stroke({\n          color: \"blue\",\n          width: 8\n        })\n      })],\n      \"MultiLineString\": [new ol.style.Style({\n        stroke: new ol.style.Stroke({\n          color: \"blue\",\n          width: 4\n        })\n      })]\n    };\n\t\t  var vectorL0 = new ol.layer.Vector({\n\t\t\t\tsource: new ol.source.Vector({\n\t\t\t\turl:\"https:\/\/radwege-hamm.de\/wp\/wp-content\/uploads\/gpx\/Rhynern1.gpx\",\n\t\t\t\tformat: new ol.format.GPX({\n\t\t\t\t\textractStyles: false\n\t\t\t\t})\n\t\t\t}),\n\t\t\tzIndex: 92,\n\t\t\tstyle: function(feature, resolution) {return style_map_ol3js_1_0[feature.getGeometry().getType()];}\n\t\t  });\n\t\t  map_ol3js_1.addLayer(vectorL0);\n      var extension1 = ol.extent.createEmpty();\n      var curZoom1 = map_ol3js_1.getView().getZoom();\n\n      map_ol3js_1.getLayers().forEach(function(layer){\n         if(!layer.get(\"id\")) {     \n            layer.once(\"change\", function(e){\n               ol.extent.extend(extension1, (layer.getSource().getExtent()));\n               map_ol3js_1.getView().fit(extension1, {padding: [50, 50, 50, 50]});\n            });\n         }\n      });\n\n    \naddControls2Map(map_ol3js_1,0,0,3,0,5,6,7,0,1);\nosm_addPopupClickhandler(map_ol3js_1,  \"map_ol3js_1\"); \nosm_addMouseHover(map_ol3js_1); <\/script>\n\n\n\n<h4 class=\"wp-block-heading\">Weitere Informationen<\/h4>\n\n\n\n<ul class=\"wp-block-list\">\n<li><a href=\"https:\/\/de.wikipedia.org\/wiki\/AG_Ruhr-Lippe-Eisenbahnen\">wikipedia\/AG_Ruhr-Lippe-Eisenbahnen<\/a><\/li>\n\n\n\n<li><a href=\"https:\/\/www.eisenbahnfreunde-werl.de\/regionalbahnen-frueher-heute\/ruhr-lippe-kleinbahnen\/rlk-geschichte\">www.eisenbahnfreunde-werl.de\/regionalbahnen-frueher-heute\/ruhr-lippe-kleinbahnen\/rlk-geschichte<\/a><\/li>\n\n\n\n<li><a href=\"https:\/\/www.eisenbahnfreunde-werl.de\/regionalbahnen-frueher-heute\/ruhr-lippe-kleinbahnen\/rlk-bahnhoefe\/rlk-noerdliche-bahnhoefe\">www.eisenbahnfreunde-werl.de\/regionalbahnen-frueher-heute\/ruhr-lippe-kleinbahnen\/rlk-bahnhoefe\/rlk-noerdliche-bahnhoefe<\/a><\/li>\n\n\n\n<li><a href=\"https:\/\/cduhamm.de\/historische-verkehrsanbindung-mit-dem-pengel-anton\/\">cduhamm.de\/historische-verkehrsanbindung-mit-dem-pengel-anton\/<\/a><\/li>\n\n\n\n<li><a href=\"http:\/\/geschichte-werries.de\/15.html\">geschichte-werries.de\/15.html<\/a><\/li>\n<\/ul>\n\n\n\n<h2 class=\"wp-block-heading\">Kohlenbahntrasse<\/h2>\n\n\n\n<p>Die Kohlenbahntrasse ist ein ca. 2,2 km langer Geh-\/Radweg in Bockum-H\u00f6vel zwischen Grundh\u00f6velweg und Hammer Stra\u00dfe. Urspr\u00fcnglich war \u00fcber die Kohlenbahntrasse die Zeche Radbod an das \u00fcbergeordnete Eisenbahnnetz angeschlossen.<\/p>\n\n\n\n<p>Die Zeche Radbod wurde von 1905 bis Ende 1990 betrieben. Im Jahr 2000 wurde mit dem Umbau zum Geh-\/Radweg begonnen, der zun\u00e4chst bis zur Gaudenzen Str. f\u00fchrte. Im Jahr 2014 wurde die Unterf\u00fchrung zum Grundh\u00f6velweg freigegeben, wodurch die Anbindung an den Bezirk Heessen deutlich verbesserte wurde. Seit  2020 ist die Kohlenbahntrasse zwischen Gaudenzener Weg und R\u00f6merstra\u00dfe beleuchtet, f\u00fcr 2022 ist auch die Beleuchtung des Weges zwischen R\u00f6merstra\u00dfe und Hammer Stra\u00dfe geplant. Damit w\u00e4re die gesamte Strecke durchgehend beleuchtet.<\/p>\n\n\n\n        <div id=\"map_ol3js_2\"\n       class=\"osm-map-container undefined\"\n             data-map_name=\"undefined\"\n             data-map=\"map_ol3js_2\"\n             data-autoshow=\"no\"\n             style=\"width:100%;\n                    max-width:100%;\n                    height:450px;\n                    display:block;\n                    overflow:hidden;\n                    border:2px solid grey;\n                    position: relative;\">\n          <div id=\"map_ol3js_2_popup\" class=\"ol-popup\">\n            <a href=\"#\" id=\"map_ol3js_2_popup-closer\" class=\"ol-popup-closer\"><\/a>\n            <div id=\"map_ol3js_2_popup-content\"><\/div>\n          <\/div>\n        <\/div>\n    <script type=\"text\/javascript\">\n\t\t\t  vectorM['map_ol3js_2'] = [];\n\t        \n        var raster = getTileLayer(\"osm\",\"NoKey\");\t\t\t\n\n\t\t\t  var map_ol3js_2 = new ol.Map({\n\t\t\t\tinteractions: ol.interaction.defaults.defaults({mouseWheelZoom:false}),\n\t\t\t\tlayers: [raster],\n\t\t\t\ttarget: \"map_ol3js_2\",\n\t\t\t\tview: new ol.View({\n\t\t\t\t  center: ol.proj.transform([6.378,58.213], \"EPSG:4326\", \"EPSG:3857\"),\n\t\t\t\t  zoom: 9\n\t\t\t\t})\n\t\t\t  });\n\t\t\t  \n    var style_map_ol3js_2_0 = {\n      \"Point\": [new ol.style.Style({\n\n          image: new ol.style.Icon({\n            anchor: [0.5, 41],\n            anchorXUnits: \"fraction\",\n            anchorYUnits: \"pixels\",\n            opacity: 0.75,\n            src: \"https:\/\/radwege-hamm.de\/wp\/wp-content\/plugins\/osm\/icons\/mic_blue_pinother_02.png\"\n          })\n      })],\n\n      \"LineString\": [new ol.style.Style({\n        stroke: new ol.style.Stroke({\n          color: \"blue\",\n          width: 8\n        })\n      })],\n      \"MultiLineString\": [new ol.style.Style({\n        stroke: new ol.style.Stroke({\n          color: \"blue\",\n          width: 4\n        })\n      })]\n    };\n\t\t  var vectorL0 = new ol.layer.Vector({\n\t\t\t\tsource: new ol.source.Vector({\n\t\t\t\turl:\"https:\/\/radwege-hamm.de\/wp\/wp-content\/uploads\/gpx\/kohlenbahntrasse.gpx\",\n\t\t\t\tformat: new ol.format.GPX({\n\t\t\t\t\textractStyles: false\n\t\t\t\t})\n\t\t\t}),\n\t\t\tzIndex: 92,\n\t\t\tstyle: function(feature, resolution) {return style_map_ol3js_2_0[feature.getGeometry().getType()];}\n\t\t  });\n\t\t  map_ol3js_2.addLayer(vectorL0);\n      var extension2 = ol.extent.createEmpty();\n      var curZoom2 = map_ol3js_2.getView().getZoom();\n\n      map_ol3js_2.getLayers().forEach(function(layer){\n         if(!layer.get(\"id\")) {     \n            layer.once(\"change\", function(e){\n               ol.extent.extend(extension2, (layer.getSource().getExtent()));\n               map_ol3js_2.getView().fit(extension2, {padding: [50, 50, 50, 50]});\n            });\n         }\n      });\n\n    \naddControls2Map(map_ol3js_2,0,0,3,0,5,6,7,0,1);\nosm_addPopupClickhandler(map_ol3js_2,  \"map_ol3js_2\"); \nosm_addMouseHover(map_ol3js_2); <\/script>\n\n\n\n<h5 class=\"wp-block-heading\">Weitere Informationen<\/h5>\n\n\n\n<ul class=\"wp-block-list\">\n<li><a href=\"https:\/\/de.wikipedia.org\/wiki\/Zeche_Radbod\">wikipedia\/Zeche_Radbod<\/a><\/li>\n\n\n\n<li><a href=\"https:\/\/www.ruhrgebiet-industriekultur.de\/radbod.html\">www.ruhrgebiet-industriekultur.de\/radbod.html<\/a><\/li>\n\n\n\n<li><a href=\"http:\/\/www.rottenplaces.de\/main\/zeche-radbod-1845\/\">www.rottenplaces.de\/main\/zeche-radbod-1845\/<\/a><\/li>\n\n\n\n<li><a href=\"https:\/\/hammwiki.info\/wiki\/Kohlenbahntrasse\">hammwiki.info\/wiki\/Kohlenbahntrasse<\/a><\/li>\n\n\n\n<li><a href=\"http:\/\/www.bahntrassenradeln.de\/details\/nw2_15.htm\">www.bahntrassenradeln.de\/details\/nw2_15.htm<\/a><\/li>\n\n\n\n<li><a href=\"https:\/\/www.wa.de\/hamm\/jetzt-frei-3522667.html\">www.wa.de\/hamm\/jetzt-frei-3522667.html<\/a><\/li>\n\n\n\n<li><a href=\"https:\/\/www.wa.de\/hamm\/bockum-hoevel-ort370528\/licht-fuer-die-kohlenbahntrass-in-hamm-norden-90143543.html\">www.wa.de\/hamm\/bockum-hoevel-ort370528\/licht-fuer-die-kohlenbahntrass-in-hamm-norden<\/a><\/li>\n\n\n\n<li><a href=\"https:\/\/www.gruene-fraktion-hamm.de\/lueckenschluss-auf-der-kohlenbahntrasse\/\">www.gruene-fraktion-hamm.de\/lueckenschluss-auf-der-kohlenbahntrasse\/<\/a><\/li>\n<\/ul>\n\n\n\n<h2 class=\"wp-block-heading\">Zechenbahn \u201cWestfalen\u201d nach Ahlen<\/h2>\n\n\n\n<p>Die ehemalige Hafenbahn der Zeche Westfalen in Ahlen verband \u00fcber eine L\u00e4nge von ca. 8,5 km die Schachtanlagen 1\/2, 3 und 4 mit dem werkseigenen Verladehafen am Datteln-Hamm-Kanal. 1935 wurden der Hafen und die Anschlussbahn dorthin fertiggestellt. Im Jahr 2001 wurde der Betrieb der Zeche Westfalen eingestellt.<\/p>\n\n\n\n<p>Ab 2007 erfolgte der Umbau die Trasse zu einem Fahrrad- und Fu\u00dfweg. Im April 2010 wurde die neu gebaute Br\u00fccke \u00fcber die Lippe, die mit einem aufw\u00e4ndigen Sichtschutz versehen ist, er\u00f6ffnet und damit die Verbindung zwischen Hamm und Ahlen erm\u00f6glicht.&nbsp;<\/p>\n\n\n\n<p>Der Zechenbahn-Radweg ist als Zubringer von Hamm Teil des Werse-Radweges.<\/p>\n\n\n\n<figure class=\"wp-block-image is-style-default\"><img decoding=\"async\" src=\"https:\/\/lh3.googleusercontent.com\/bbaB3qnvf2QUdE2G8819h--wpaJU8yrCto2Ezm2mmXV-DlqaGNoXMttKOO_CFZ_nNLRBfQdEppi8dh33MbKLURsUd8eCjKfDYgZKMg_jXstXgXuVWLiX-9VN1U6aTQ8mDHFWIO1J\" alt=\"\"\/><\/figure>\n\n\n\n<figure class=\"wp-block-image is-style-default\"><a href=\"https:\/\/lh6.googleusercontent.com\/MWRqhkdpyBTOMflivtxKlUl1uzKI-qvrlUVnxvaGbEdojrcf7DvBCMJqTKqRXj0UYZDSQnAw7ZJa6k2I5Uqq6Vh8KjM4HR6rlRaacXY2IBA5Lg0k6qF_FMWY574B2c4qQbRpGb4b\"><img decoding=\"async\" src=\"https:\/\/lh6.googleusercontent.com\/MWRqhkdpyBTOMflivtxKlUl1uzKI-qvrlUVnxvaGbEdojrcf7DvBCMJqTKqRXj0UYZDSQnAw7ZJa6k2I5Uqq6Vh8KjM4HR6rlRaacXY2IBA5Lg0k6qF_FMWY574B2c4qQbRpGb4b\" alt=\"\"\/><\/a><\/figure>\n\n\n\n<div style=\"height:48px\" aria-hidden=\"true\" class=\"wp-block-spacer\"><\/div>\n\n\n\n        <div id=\"map_ol3js_3\"\n       class=\"osm-map-container undefined\"\n             data-map_name=\"undefined\"\n             data-map=\"map_ol3js_3\"\n             data-autoshow=\"no\"\n             style=\"width:100%;\n                    max-width:100%;\n                    height:450px;\n                    display:block;\n                    overflow:hidden;\n                    border:2px solid grey;\n                    position: relative;\">\n          <div id=\"map_ol3js_3_popup\" class=\"ol-popup\">\n            <a href=\"#\" id=\"map_ol3js_3_popup-closer\" class=\"ol-popup-closer\"><\/a>\n            <div id=\"map_ol3js_3_popup-content\"><\/div>\n          <\/div>\n        <\/div>\n    <script type=\"text\/javascript\">\n\t\t\t  vectorM['map_ol3js_3'] = [];\n\t        \n        var raster = getTileLayer(\"osm\",\"NoKey\");\t\t\t\n\n\t\t\t  var map_ol3js_3 = new ol.Map({\n\t\t\t\tinteractions: ol.interaction.defaults.defaults({mouseWheelZoom:false}),\n\t\t\t\tlayers: [raster],\n\t\t\t\ttarget: \"map_ol3js_3\",\n\t\t\t\tview: new ol.View({\n\t\t\t\t  center: ol.proj.transform([6.378,58.213], \"EPSG:4326\", \"EPSG:3857\"),\n\t\t\t\t  zoom: 9\n\t\t\t\t})\n\t\t\t  });\n\t\t\t  \n    var style_map_ol3js_3_0 = {\n      \"Point\": [new ol.style.Style({\n\n          image: new ol.style.Icon({\n            anchor: [0.5, 41],\n            anchorXUnits: \"fraction\",\n            anchorYUnits: \"pixels\",\n            opacity: 0.75,\n            src: \"https:\/\/radwege-hamm.de\/wp\/wp-content\/plugins\/osm\/icons\/mic_blue_pinother_02.png\"\n          })\n      })],\n\n      \"LineString\": [new ol.style.Style({\n        stroke: new ol.style.Stroke({\n          color: \"blue\",\n          width: 8\n        })\n      })],\n      \"MultiLineString\": [new ol.style.Style({\n        stroke: new ol.style.Stroke({\n          color: \"blue\",\n          width: 4\n        })\n      })]\n    };\n\t\t  var vectorL0 = new ol.layer.Vector({\n\t\t\t\tsource: new ol.source.Vector({\n\t\t\t\turl:\"https:\/\/radwege-hamm.de\/wp\/wp-content\/uploads\/gpx\/zechenbahnweg-ahlen.gpx\",\n\t\t\t\tformat: new ol.format.GPX({\n\t\t\t\t\textractStyles: false\n\t\t\t\t})\n\t\t\t}),\n\t\t\tzIndex: 92,\n\t\t\tstyle: function(feature, resolution) {return style_map_ol3js_3_0[feature.getGeometry().getType()];}\n\t\t  });\n\t\t  map_ol3js_3.addLayer(vectorL0);\n      var extension3 = ol.extent.createEmpty();\n      var curZoom3 = map_ol3js_3.getView().getZoom();\n\n      map_ol3js_3.getLayers().forEach(function(layer){\n         if(!layer.get(\"id\")) {     \n            layer.once(\"change\", function(e){\n               ol.extent.extend(extension3, (layer.getSource().getExtent()));\n               map_ol3js_3.getView().fit(extension3, {padding: [50, 50, 50, 50]});\n            });\n         }\n      });\n\n    \naddControls2Map(map_ol3js_3,0,0,3,0,5,6,7,0,1);\nosm_addPopupClickhandler(map_ol3js_3,  \"map_ol3js_3\"); \nosm_addMouseHover(map_ol3js_3); <\/script>\n\n\n\n<div style=\"height:35px\" aria-hidden=\"true\" class=\"wp-block-spacer\"><\/div>\n\n\n\n<div class=\"wp-block-columns is-layout-flex wp-container-core-columns-is-layout-28f84493 wp-block-columns-is-layout-flex\">\n<div class=\"wp-block-column is-layout-flow wp-block-column-is-layout-flow\" style=\"flex-basis:100%\">\n<figure class=\"wp-block-gallery has-nested-images columns-default is-cropped wp-block-gallery-1 is-layout-flex wp-block-gallery-is-layout-flex\">\n<figure class=\"wp-block-image size-large\"><a href=\"https:\/\/radwege-hamm.de\/wp\/wp-content\/uploads\/2021\/11\/IMG_4777-1024x768.jpeg\"><img loading=\"lazy\" decoding=\"async\" width=\"1024\" height=\"768\" data-id=\"2618\" src=\"https:\/\/radwege-hamm.de\/wp\/wp-content\/uploads\/2021\/11\/IMG_4777-1024x768.jpeg\" alt=\"\" class=\"wp-image-2618\" srcset=\"https:\/\/radwege-hamm.de\/wp\/wp-content\/uploads\/2021\/11\/IMG_4777-1024x768.jpeg 1024w, https:\/\/radwege-hamm.de\/wp\/wp-content\/uploads\/2021\/11\/IMG_4777-300x225.jpeg 300w, https:\/\/radwege-hamm.de\/wp\/wp-content\/uploads\/2021\/11\/IMG_4777-768x576.jpeg 768w, https:\/\/radwege-hamm.de\/wp\/wp-content\/uploads\/2021\/11\/IMG_4777-1536x1152.jpeg 1536w, https:\/\/radwege-hamm.de\/wp\/wp-content\/uploads\/2021\/11\/IMG_4777-1320x990.jpeg 1320w, https:\/\/radwege-hamm.de\/wp\/wp-content\/uploads\/2021\/11\/IMG_4777.jpeg 1600w\" sizes=\"auto, (max-width: 1024px) 100vw, 1024px\" \/><\/a><figcaption class=\"wp-element-caption\">Zechenbahnradweg<\/figcaption><\/figure>\n\n\n\n<figure class=\"wp-block-image size-large\"><a href=\"https:\/\/radwege-hamm.de\/wp\/wp-content\/uploads\/2021\/11\/IMG_4776-1024x768.jpeg\"><img loading=\"lazy\" decoding=\"async\" width=\"1024\" height=\"768\" data-id=\"2619\" src=\"https:\/\/radwege-hamm.de\/wp\/wp-content\/uploads\/2021\/11\/IMG_4776-1024x768.jpeg\" alt=\"\" class=\"wp-image-2619\" srcset=\"https:\/\/radwege-hamm.de\/wp\/wp-content\/uploads\/2021\/11\/IMG_4776-1024x768.jpeg 1024w, https:\/\/radwege-hamm.de\/wp\/wp-content\/uploads\/2021\/11\/IMG_4776-300x225.jpeg 300w, https:\/\/radwege-hamm.de\/wp\/wp-content\/uploads\/2021\/11\/IMG_4776-768x576.jpeg 768w, https:\/\/radwege-hamm.de\/wp\/wp-content\/uploads\/2021\/11\/IMG_4776-1536x1152.jpeg 1536w, https:\/\/radwege-hamm.de\/wp\/wp-content\/uploads\/2021\/11\/IMG_4776-1320x990.jpeg 1320w, https:\/\/radwege-hamm.de\/wp\/wp-content\/uploads\/2021\/11\/IMG_4776.jpeg 1600w\" sizes=\"auto, (max-width: 1024px) 100vw, 1024px\" \/><\/a><figcaption class=\"wp-element-caption\">Zechenbahnradweg<\/figcaption><\/figure>\n\n\n\n<figure class=\"wp-block-image size-large\"><a href=\"https:\/\/radwege-hamm.de\/wp\/wp-content\/uploads\/2021\/11\/IMG_0085-1024x768.jpg\"><img loading=\"lazy\" decoding=\"async\" width=\"1024\" height=\"768\" data-id=\"2620\" src=\"https:\/\/radwege-hamm.de\/wp\/wp-content\/uploads\/2021\/11\/IMG_0085-1024x768.jpg\" alt=\"\" class=\"wp-image-2620\" srcset=\"https:\/\/radwege-hamm.de\/wp\/wp-content\/uploads\/2021\/11\/IMG_0085-1024x768.jpg 1024w, https:\/\/radwege-hamm.de\/wp\/wp-content\/uploads\/2021\/11\/IMG_0085-300x225.jpg 300w, https:\/\/radwege-hamm.de\/wp\/wp-content\/uploads\/2021\/11\/IMG_0085-768x576.jpg 768w, https:\/\/radwege-hamm.de\/wp\/wp-content\/uploads\/2021\/11\/IMG_0085.jpg 1200w\" sizes=\"auto, (max-width: 1024px) 100vw, 1024px\" \/><\/a><figcaption class=\"wp-element-caption\">Zeche Westfalen<\/figcaption><\/figure>\n<\/figure>\n<\/div>\n<\/div>\n\n\n\n<h5 class=\"wp-block-heading\">Weitere Informationen<\/h5>\n\n\n\n<ul class=\"wp-block-list\">\n<li><a href=\"http:\/\/www.bahntrassenradeln.de\/details\/nw2_12.htm\">www.bahntrassenradeln.de\/details\/nw2_12.htm<\/a><\/li>\n\n\n\n<li><a href=\"https:\/\/www.ruhrgebiet-industriekultur.de\/westfalen.html\">www.ruhrgebiet-industriekultur.de\/westfalen.html<\/a><\/li>\n\n\n\n<li><a href=\"https:\/\/www.wa.de\/hamm\/zechenbahn-radweg-westfalenbruecke-eroeffnet-733977.html\">www.wa.de\/hamm\/zechenbahn-radweg-westfalenbruecke-eroeffnet-733977.html<\/a><\/li>\n\n\n\n<li><a href=\"https:\/\/www.wa.de\/hamm\/schliesst-luecke-radweg-zwischen-muenster-ruhrgebiet-hamm-ahlen-angebunden-2283547.html\">www.wa.de\/hamm\/schliesst-luecke-radweg-zwischen-muenster-ruhrgebiet-hamm-ahlen-angebunden<\/a><\/li>\n\n\n\n<li><a href=\"https:\/\/de.wikipedia.org\/wiki\/Werseradweg\">de.wikipedia.org\/wiki\/Werseradweg<\/a><\/li>\n<\/ul>\n\n\n\n<h2 class=\"wp-block-heading\">Alleenradweg<\/h2>\n\n\n\n<p>Die Westf\u00e4lische Emschertalbahn verbindet Welver mit Oberhausen-Sterkrade und verl\u00e4uft ab Unna durch das Ruhrgebiet. Die zweigleisige Trasse wurde 1876 er\u00f6ffnet. Im Jahre 1968 wurde der Teil zwischen Unna und Welver stillgelegt, auf dem westlichen Teil f\u00e4hrt heute die S4 zwischen Unna und L\u00fctgendortmund.&nbsp;<\/p>\n\n\n\n<p>Die Bahnstrecke zwischen der Stadtgrenze Unna und Welver ist zu einem ca. 18 km langen&nbsp; Radweg umgebaut worden. Der westliche Teil des Alleenradwegs bis Lenningsen, also etwa in der Mitte der Gesamtstrecke, wurde schon in den 1970er Jahren zu einem (nicht asphaltierten) Rad- und Wanderweg. Erst 2015 wurde der gesamte Weg jedoch in moderner Form und heutigem Erscheinungsbild er\u00f6ffnet. Seitdem ist er durchgehend asphaltiert, hat neue Br\u00fccken und Sitz- und Rastm\u00f6glichkeiten.<\/p>\n\n\n\n<p>Der gesamte Alleenradweg verl\u00e4uft ab Illingen durch den Kreis Soest, das Hammer Stadtgebiet und den Kreis Unna. Auf Hammer Gebiet wird zwischen Wambeln und Werler Stra\u00dfe aber nicht die Bahntrasse genutzt, die Route verl\u00e4uft hier \u00fcber die Pentlinger Stra\u00dfe direkt neben der Bahntrasse.<\/p>\n\n\n\n        <div id=\"map_ol3js_4\"\n       class=\"osm-map-container undefined\"\n             data-map_name=\"undefined\"\n             data-map=\"map_ol3js_4\"\n             data-autoshow=\"no\"\n             style=\"width:100%;\n                    max-width:100%;\n                    height:450px;\n                    display:block;\n                    overflow:hidden;\n                    border:2px solid grey;\n                    position: relative;\">\n          <div id=\"map_ol3js_4_popup\" class=\"ol-popup\">\n            <a href=\"#\" id=\"map_ol3js_4_popup-closer\" class=\"ol-popup-closer\"><\/a>\n            <div id=\"map_ol3js_4_popup-content\"><\/div>\n          <\/div>\n        <\/div>\n    <script type=\"text\/javascript\">\n\t\t\t  vectorM['map_ol3js_4'] = [];\n\t        \n        var raster = getTileLayer(\"osm\",\"NoKey\");\t\t\t\n\n\t\t\t  var map_ol3js_4 = new ol.Map({\n\t\t\t\tinteractions: ol.interaction.defaults.defaults({mouseWheelZoom:false}),\n\t\t\t\tlayers: [raster],\n\t\t\t\ttarget: \"map_ol3js_4\",\n\t\t\t\tview: new ol.View({\n\t\t\t\t  center: ol.proj.transform([6.378,58.213], \"EPSG:4326\", \"EPSG:3857\"),\n\t\t\t\t  zoom: 9\n\t\t\t\t})\n\t\t\t  });\n\t\t\t  \n    var style_map_ol3js_4_0 = {\n      \"Point\": [new ol.style.Style({\n\n          image: new ol.style.Icon({\n            anchor: [0.5, 41],\n            anchorXUnits: \"fraction\",\n            anchorYUnits: \"pixels\",\n            opacity: 0.75,\n            src: \"https:\/\/radwege-hamm.de\/wp\/wp-content\/plugins\/osm\/icons\/mic_blue_pinother_02.png\"\n          })\n      })],\n\n      \"LineString\": [new ol.style.Style({\n        stroke: new ol.style.Stroke({\n          color: \"blue\",\n          width: 8\n        })\n      })],\n      \"MultiLineString\": [new ol.style.Style({\n        stroke: new ol.style.Stroke({\n          color: \"blue\",\n          width: 4\n        })\n      })]\n    };\n\t\t  var vectorL0 = new ol.layer.Vector({\n\t\t\t\tsource: new ol.source.Vector({\n\t\t\t\turl:\"https:\/\/radwege-hamm.de\/wp\/wp-content\/uploads\/gpx\/alleenradweg.gpx\",\n\t\t\t\tformat: new ol.format.GPX({\n\t\t\t\t\textractStyles: false\n\t\t\t\t})\n\t\t\t}),\n\t\t\tzIndex: 92,\n\t\t\tstyle: function(feature, resolution) {return style_map_ol3js_4_0[feature.getGeometry().getType()];}\n\t\t  });\n\t\t  map_ol3js_4.addLayer(vectorL0);\n      var extension4 = ol.extent.createEmpty();\n      var curZoom4 = map_ol3js_4.getView().getZoom();\n\n      map_ol3js_4.getLayers().forEach(function(layer){\n         if(!layer.get(\"id\")) {     \n            layer.once(\"change\", function(e){\n               ol.extent.extend(extension4, (layer.getSource().getExtent()));\n               map_ol3js_4.getView().fit(extension4, {padding: [50, 50, 50, 50]});\n            });\n         }\n      });\n\n    \naddControls2Map(map_ol3js_4,0,0,3,0,5,6,7,0,1);\nosm_addPopupClickhandler(map_ol3js_4,  \"map_ol3js_4\"); \nosm_addMouseHover(map_ol3js_4); <\/script>\n\n\n\n<div style=\"height:39px\" aria-hidden=\"true\" class=\"wp-block-spacer\"><\/div>\n\n\n\n<div class=\"wp-block-columns is-layout-flex wp-container-core-columns-is-layout-28f84493 wp-block-columns-is-layout-flex\">\n<div class=\"wp-block-column is-layout-flow wp-block-column-is-layout-flow\" style=\"flex-basis:100%\">\n<div class=\"wp-block-columns is-layout-flex wp-container-core-columns-is-layout-28f84493 wp-block-columns-is-layout-flex\">\n<div class=\"wp-block-column is-layout-flow wp-block-column-is-layout-flow\" style=\"flex-basis:100%\">\n<figure class=\"wp-block-gallery alignfull has-nested-images columns-default is-cropped wp-block-gallery-2 is-layout-flex wp-block-gallery-is-layout-flex\">\n<figure class=\"wp-block-image size-large\"><a href=\"https:\/\/radwege-hamm.de\/wp\/wp-content\/uploads\/2021\/11\/IMG_3601-1024x768.jpeg\"><img loading=\"lazy\" decoding=\"async\" width=\"1024\" height=\"768\" data-id=\"2609\" src=\"https:\/\/radwege-hamm.de\/wp\/wp-content\/uploads\/2021\/11\/IMG_3601-1024x768.jpeg\" alt=\"\" class=\"wp-image-2609\" srcset=\"https:\/\/radwege-hamm.de\/wp\/wp-content\/uploads\/2021\/11\/IMG_3601-1024x768.jpeg 1024w, https:\/\/radwege-hamm.de\/wp\/wp-content\/uploads\/2021\/11\/IMG_3601-300x225.jpeg 300w, https:\/\/radwege-hamm.de\/wp\/wp-content\/uploads\/2021\/11\/IMG_3601-768x576.jpeg 768w, https:\/\/radwege-hamm.de\/wp\/wp-content\/uploads\/2021\/11\/IMG_3601-1536x1152.jpeg 1536w, https:\/\/radwege-hamm.de\/wp\/wp-content\/uploads\/2021\/11\/IMG_3601-1320x990.jpeg 1320w, https:\/\/radwege-hamm.de\/wp\/wp-content\/uploads\/2021\/11\/IMG_3601.jpeg 1600w\" sizes=\"auto, (max-width: 1024px) 100vw, 1024px\" \/><\/a><\/figure>\n\n\n\n<figure class=\"wp-block-image size-large\"><a href=\"https:\/\/radwege-hamm.de\/wp\/wp-content\/uploads\/2021\/11\/IMG_4477-1024x768.jpeg\"><img loading=\"lazy\" decoding=\"async\" width=\"1024\" height=\"768\" data-id=\"2610\" src=\"https:\/\/radwege-hamm.de\/wp\/wp-content\/uploads\/2021\/11\/IMG_4477-1024x768.jpeg\" alt=\"\" class=\"wp-image-2610\" srcset=\"https:\/\/radwege-hamm.de\/wp\/wp-content\/uploads\/2021\/11\/IMG_4477-1024x768.jpeg 1024w, https:\/\/radwege-hamm.de\/wp\/wp-content\/uploads\/2021\/11\/IMG_4477-300x225.jpeg 300w, https:\/\/radwege-hamm.de\/wp\/wp-content\/uploads\/2021\/11\/IMG_4477-768x576.jpeg 768w, https:\/\/radwege-hamm.de\/wp\/wp-content\/uploads\/2021\/11\/IMG_4477-1536x1152.jpeg 1536w, https:\/\/radwege-hamm.de\/wp\/wp-content\/uploads\/2021\/11\/IMG_4477-1320x990.jpeg 1320w, https:\/\/radwege-hamm.de\/wp\/wp-content\/uploads\/2021\/11\/IMG_4477.jpeg 1600w\" sizes=\"auto, (max-width: 1024px) 100vw, 1024px\" \/><\/a><\/figure>\n<\/figure>\n<\/div>\n<\/div>\n<\/div>\n<\/div>\n\n\n\n<h5 class=\"wp-block-heading\">Weitere Informationen<\/h5>\n\n\n\n<ul class=\"wp-block-list\">\n<li><a href=\"https:\/\/de.wikipedia.org\/wiki\/Bahnstrecke_Welver%E2%80%93Sterkrade\">de.wikipedia.org\/wiki\/Bahnstrecke_Welver%E2%80%93Sterkrade<\/a><\/li>\n\n\n\n<li><a href=\"http:\/\/www.bahntrassenradeln.de\/details\/nw3_27.htm\">www.bahntrassenradeln.de\/details\/nw3_27.htm<\/a><\/li>\n\n\n\n<li><a href=\"https:\/\/www.ruhrgebiet-industriekultur.de\/alleenradweg-unna-welver.html\">www.ruhrgebiet-industriekultur.de\/alleenradweg-unna-welver.html<\/a><\/li>\n\n\n\n<li><a href=\"https:\/\/www.kreis-unna.de\/fileadmin\/user_upload\/Kreishaus\/60\/pdf\/FB_Alleenradweg_Unna_-_Welver_08-2015.pdf\">www.kreis-unna.de\/fileadmin\/user_upload\/Kreishaus\/60\/pdf\/FB_Alleenradweg_Unna_-_Welver_08-2015.pdf<\/a><\/li>\n\n\n\n<li><a href=\"https:\/\/www.wa.de\/hamm\/radweg-komplett-fertig-letztes-stueck-wird-asphaltiert-4910692.html\">www.wa.de\/hamm\/radweg-komplett-fertig-letztes-stueck-wird-asphaltiert<\/a><\/li>\n\n\n\n<li><a href=\"https:\/\/www.wa.de\/lokales\/welver\/allenradweg-unna-welver-3305280.html\">www.wa.de\/lokales\/welver\/allenradweg-unna-welver-3305280.html<\/a><\/li>\n\n\n\n<li><a href=\"https:\/\/www.wa.de\/hamm\/ausbauplan-alleenradweg-liegt-1611815.html\">www.wa.de\/hamm\/ausbauplan-alleenradweg-liegt-1611815.html<\/a><\/li>\n<\/ul>\n","protected":false},"excerpt":{"rendered":"<p>Im Ruhrgebiet gibt es eine Vielzahl von alten Bahntrassen, die aufgrund der Schlie\u00dfung von&nbsp; Zechen nicht mehr ben\u00f6tigt werden. Auch viele regionale Eisenbahnstrecken wurden stillgelegt. Die noch vorhanden Trassen lassen sich hervorragend in Radwege umgestalten, da sie nur geringe Steigungen und wenige Kurven aufweisen. Im Ruhrgebiet gibt es viele solcher [&hellip;]<\/p>\n","protected":false},"author":1,"featured_media":1771,"comment_status":"open","ping_status":"closed","sticky":false,"template":"","format":"standard","meta":{"_EventAllDay":false,"_EventTimezone":"","_EventStartDate":"","_EventEndDate":"","_EventStartDateUTC":"","_EventEndDateUTC":"","_EventShowMap":false,"_EventShowMapLink":false,"_EventURL":"","_EventCost":"","_EventCostDescription":"","_EventCurrencySymbol":"","_EventCurrencyCode":"","_EventCurrencyPosition":"","_EventDateTimeSeparator":"","_EventTimeRangeSeparator":"","_EventOrganizerID":[],"_EventVenueID":[],"_OrganizerEmail":"","_OrganizerPhone":"","_OrganizerWebsite":"","_VenueAddress":"","_VenueCity":"","_VenueCountry":"","_VenueProvince":"","_VenueState":"","_VenueZip":"","_VenuePhone":"","_VenueURL":"","_VenueStateProvince":"","_VenueLat":"","_VenueLng":"","_VenueShowMap":false,"_VenueShowMapLink":false,"_themeisle_gutenberg_block_has_review":false,"footnotes":""},"categories":[1,6,7],"tags":[],"class_list":["post-2585","post","type-post","status-publish","format-standard","has-post-thumbnail","hentry","category-allgemein","category-freizeitrouten","category-radwege"],"_links":{"self":[{"href":"https:\/\/radwege-hamm.de\/wp\/wp-json\/wp\/v2\/posts\/2585","targetHints":{"allow":["GET"]}}],"collection":[{"href":"https:\/\/radwege-hamm.de\/wp\/wp-json\/wp\/v2\/posts"}],"about":[{"href":"https:\/\/radwege-hamm.de\/wp\/wp-json\/wp\/v2\/types\/post"}],"author":[{"embeddable":true,"href":"https:\/\/radwege-hamm.de\/wp\/wp-json\/wp\/v2\/users\/1"}],"replies":[{"embeddable":true,"href":"https:\/\/radwege-hamm.de\/wp\/wp-json\/wp\/v2\/comments?post=2585"}],"version-history":[{"count":36,"href":"https:\/\/radwege-hamm.de\/wp\/wp-json\/wp\/v2\/posts\/2585\/revisions"}],"predecessor-version":[{"id":4574,"href":"https:\/\/radwege-hamm.de\/wp\/wp-json\/wp\/v2\/posts\/2585\/revisions\/4574"}],"wp:featuredmedia":[{"embeddable":true,"href":"https:\/\/radwege-hamm.de\/wp\/wp-json\/wp\/v2\/media\/1771"}],"wp:attachment":[{"href":"https:\/\/radwege-hamm.de\/wp\/wp-json\/wp\/v2\/media?parent=2585"}],"wp:term":[{"taxonomy":"category","embeddable":true,"href":"https:\/\/radwege-hamm.de\/wp\/wp-json\/wp\/v2\/categories?post=2585"},{"taxonomy":"post_tag","embeddable":true,"href":"https:\/\/radwege-hamm.de\/wp\/wp-json\/wp\/v2\/tags?post=2585"}],"curies":[{"name":"wp","href":"https:\/\/api.w.org\/{rel}","templated":true}]}}