{"id":2908,"date":"2022-03-31T08:31:04","date_gmt":"2022-03-31T08:31:04","guid":{"rendered":"https:\/\/radwege-hamm.de\/wp\/?p=2908"},"modified":"2022-04-04T08:49:13","modified_gmt":"2022-04-04T08:49:13","slug":"mobilitaetstag-am-03-04-2022","status":"publish","type":"post","link":"https:\/\/radwege-hamm.de\/wp\/mobilitaetstag-am-03-04-2022\/","title":{"rendered":"Mobilit\u00e4tstag am 03.04.2022"},"content":{"rendered":"\n<div class=\"wp-block-image is-style-default\"><figure class=\"alignleft size-thumbnail\"><img loading=\"lazy\" decoding=\"async\" width=\"150\" height=\"150\" src=\"https:\/\/radwege-hamm.de\/wp\/wp-content\/uploads\/2022\/03\/IMG_3855-150x150.jpg\" alt=\"\" class=\"wp-image-2909\"\/><\/figure><\/div>\n\n\n\n<p>Am kommenden Sonntag wird in Hamm in der Zeit von 13:00 &#8211; 18:00 Uhr der 2. Mobilit\u00e4tstag veranstaltet. Verkn\u00fcpft mit einem verkaufsoffenen Sonntag finden in der Hammer Innenstadt eine Vielzahl von Aktivit\u00e4ten rund um das Thema Mobilit\u00e4t statt. Neben einem Oldtimer-Treffen und einer Autoschau (\u00fcberfl\u00fcssig) mit E-Mobilit\u00e4t gibt auf der Klimameile Informationen zur klimafreundlichen Verkehrsmitteln und Plakate und Aktionen zum Thema Verkehrssicherheit.<\/p>\n\n\n\n<p>Alle Personen im Liniennetz des Stadtgebietes Hamm werden an diesem Tag <strong>kostenlos<\/strong> bef\u00f6rdert.<\/p>\n\n\n\n<h4 class=\"wp-block-heading\">Tipps f\u00fcr Radfahrende<\/h4>\n\n\n\n<p>F\u00fcr Radfahrende ist die Klimameile interessant. Dort hat der ADFC Hamm einen Infostand und bietet einen Gebrauchtfahrrad-Markt. Jeder kann mit der Vermittlung des ADFC gegen eine geringe Geb\u00fchr ein Fahrrad zum Verkauf anbieten.<\/p>\n\n\n\n<p>Die Ortsgruppe Hamm des VCD wird auf einem Infostand zusammen mit der FUgE e.V. u.a. zum Thema Bremswege informieren.<\/p>\n\n\n\n<p>Im Foyer der Stadtb\u00fccherei befindet sich das&nbsp; Autofasten-Caf\u00e9.<\/p>\n\n\n\n<p>Die Polizei kl\u00e4rt zum Thema Verkehrssicherheit auf, u.a. gibt es einen Pedelec-Simulator.&nbsp;<\/p>\n\n\n\n<h4 class=\"wp-block-heading\">Weitere Infomationen<\/h4>\n\n\n\n<ul class=\"wp-block-list\"><li><a rel=\"noreferrer noopener\" href=\"https:\/\/www.hamm.de\/mobilitaetstag\" target=\"_blank\">www.hamm.de\/mobilitaetstag<\/a><\/li><li><a rel=\"noreferrer noopener\" href=\"https:\/\/fuge-hamm.org\/2021\/10\/03\/03-04-2022-fuge-beim-mobilitatstag\/\" target=\"_blank\">fuge-hamm.org\/2021\/10\/03\/03-04-2022-fuge-beim-mobilitatstag\/<\/a><\/li><li><a rel=\"noreferrer noopener\" href=\"https:\/\/www.klimabuendnis-hamm.de\/mobilitaetstag-2022\/\" target=\"_blank\">www.klimabuendnis-hamm.de\/mobilitaetstag-2022\/<\/a><\/li><li><a href=\"https:\/\/www.stadtwerke-hamm.de\/privatkunden\/verkehr\/aktuelles\/detailseite-verkehr\/news\/kostenfreies-busfahren-am-sonntag\">https:\/\/www.stadtwerke-hamm.de\/privatkunden\/verkehr\/aktuelles\/detailseite-verkehr\/news\/kostenfreies-busfahren-am-sonntag<\/a><\/li><\/ul>\n","protected":false},"excerpt":{"rendered":"<p>Am kommenden Sonntag wird in Hamm in der Zeit von 13:00 &#8211; 18:00 Uhr der 2. Mobilit\u00e4tstag veranstaltet. Verkn\u00fcpft mit einem verkaufsoffenen Sonntag finden in der Hammer Innenstadt eine Vielzahl von Aktivit\u00e4ten rund um das Thema Mobilit\u00e4t statt. Neben einem Oldtimer-Treffen und einer Autoschau (\u00fcberfl\u00fcssig) mit E-Mobilit\u00e4t gibt auf der [&hellip;]<\/p>\n","protected":false},"author":1,"featured_media":2909,"comment_status":"open","ping_status":"closed","sticky":false,"template":"","format":"standard","meta":{"_EventAllDay":false,"_EventTimezone":"","_EventStartDate":"","_EventEndDate":"","_EventStartDateUTC":"","_EventEndDateUTC":"","_EventShowMap":false,"_EventShowMapLink":false,"_EventURL":"","_EventCost":"","_EventCostDescription":"","_EventCurrencySymbol":"","_EventCurrencyCode":"","_EventCurrencyPosition":"","_EventDateTimeSeparator":"","_EventTimeRangeSeparator":"","_EventOrganizerID":[],"_EventVenueID":[],"_OrganizerEmail":"","_OrganizerPhone":"","_OrganizerWebsite":"","_VenueAddress":"","_VenueCity":"","_VenueCountry":"","_VenueProvince":"","_VenueState":"","_VenueZip":"","_VenuePhone":"","_VenueURL":"","_VenueStateProvince":"","_VenueLat":"","_VenueLng":"","_VenueShowMap":false,"_VenueShowMapLink":false,"_themeisle_gutenberg_block_has_review":false,"footnotes":""},"categories":[1,33],"tags":[88],"class_list":["post-2908","post","type-post","status-publish","format-standard","has-post-thumbnail","hentry","category-allgemein","category-politik","tag-mobiltitaetstag"],"_links":{"self":[{"href":"https:\/\/radwege-hamm.de\/wp\/wp-json\/wp\/v2\/posts\/2908","targetHints":{"allow":["GET"]}}],"collection":[{"href":"https:\/\/radwege-hamm.de\/wp\/wp-json\/wp\/v2\/posts"}],"about":[{"href":"https:\/\/radwege-hamm.de\/wp\/wp-json\/wp\/v2\/types\/post"}],"author":[{"embeddable":true,"href":"https:\/\/radwege-hamm.de\/wp\/wp-json\/wp\/v2\/users\/1"}],"replies":[{"embeddable":true,"href":"https:\/\/radwege-hamm.de\/wp\/wp-json\/wp\/v2\/comments?post=2908"}],"version-history":[{"count":2,"href":"https:\/\/radwege-hamm.de\/wp\/wp-json\/wp\/v2\/posts\/2908\/revisions"}],"predecessor-version":[{"id":2912,"href":"https:\/\/radwege-hamm.de\/wp\/wp-json\/wp\/v2\/posts\/2908\/revisions\/2912"}],"wp:featuredmedia":[{"embeddable":true,"href":"https:\/\/radwege-hamm.de\/wp\/wp-json\/wp\/v2\/media\/2909"}],"wp:attachment":[{"href":"https:\/\/radwege-hamm.de\/wp\/wp-json\/wp\/v2\/media?parent=2908"}],"wp:term":[{"taxonomy":"category","embeddable":true,"href":"https:\/\/radwege-hamm.de\/wp\/wp-json\/wp\/v2\/categories?post=2908"},{"taxonomy":"post_tag","embeddable":true,"href":"https:\/\/radwege-hamm.de\/wp\/wp-json\/wp\/v2\/tags?post=2908"}],"curies":[{"name":"wp","href":"https:\/\/api.w.org\/{rel}","templated":true}]}}