{"id":2988,"date":"2022-04-22T06:48:25","date_gmt":"2022-04-22T06:48:25","guid":{"rendered":"https:\/\/radwege-hamm.de\/wp\/?p=2988"},"modified":"2022-05-31T20:45:06","modified_gmt":"2022-05-31T20:45:06","slug":"aufhebung-benutzungsplficht-heessener-strasse","status":"publish","type":"post","link":"https:\/\/radwege-hamm.de\/wp\/aufhebung-benutzungsplficht-heessener-strasse\/","title":{"rendered":"Unklare Situation auf der Heessener Stra\u00dfe ist beseitigt worden"},"content":{"rendered":"\n<p>Update 23.05.2022<\/p>\n\n\n\n<p><strong>Anregung nach \u00a7 24 der Gemeindeordnung Nordrhein-Westfalen<\/strong> &#8211; <strong>\u00c4nderung eines Verkehrszeichens<\/strong><\/p>\n\n\n\n<p>Sehr geehrter Herr Oberb\u00fcrgermeister,<\/p>\n\n\n\n<p>mit diesem Schreiben beantrage ich das Verkehrszeichen 240 (Gemeinsamer Geh- und Radweg) an der Heessener Stra\u00dfe\/Auf dem Loh zu entfernen und durch eine Verkehrszeichen 239 (Gehweg) mit dem Zusatzzeichen 1022-10<strong> <\/strong>(Radverkehr frei) zu ersetzen.<\/p>\n\n\n\n<figure class=\"wp-block-image size-large is-style-default\"><a href=\"https:\/\/radwege-hamm.de\/wp\/wp-content\/uploads\/2022\/04\/HeessenerStrasse.png\"><img loading=\"lazy\" decoding=\"async\" width=\"1024\" height=\"600\" src=\"https:\/\/radwege-hamm.de\/wp\/wp-content\/uploads\/2022\/04\/HeessenerStrasse-1024x600.png\" alt=\"\" class=\"wp-image-2990\" srcset=\"https:\/\/radwege-hamm.de\/wp\/wp-content\/uploads\/2022\/04\/HeessenerStrasse-1024x600.png 1024w, https:\/\/radwege-hamm.de\/wp\/wp-content\/uploads\/2022\/04\/HeessenerStrasse-300x176.png 300w, https:\/\/radwege-hamm.de\/wp\/wp-content\/uploads\/2022\/04\/HeessenerStrasse-768x450.png 768w, https:\/\/radwege-hamm.de\/wp\/wp-content\/uploads\/2022\/04\/HeessenerStrasse-1536x900.png 1536w, https:\/\/radwege-hamm.de\/wp\/wp-content\/uploads\/2022\/04\/HeessenerStrasse-1320x773.png 1320w, https:\/\/radwege-hamm.de\/wp\/wp-content\/uploads\/2022\/04\/HeessenerStrasse.png 1600w\" sizes=\"auto, (max-width: 1024px) 100vw, 1024px\" \/><\/a><\/figure>\n\n\n\n<p><strong>Begr\u00fcndung<\/strong><\/p>\n\n\n\n<p>Laut Verwaltungsvorschriften zur Stra\u00dfenverkehrsordnung ist die Anbringung von VZ 240 nur gestattet, wenn der gemeinsame Geh- und Radweg mindestens \u00fcber eine Breite von 2,5 m verf\u00fcgt. Dieses Breitenma\u00df wird an der Stelle unterschritten, hier betr\u00e4gt die Breite lediglich 2 m. Damit sind die Voraussetzungen f\u00fcr die Benutzungspflicht nicht gegeben.<\/p>\n\n\n\n<p>Die Ausnahmeregelung, dass an kurzen Abschnitten (z. B. kurze Engstelle) unter Wahrung der Verkehrssicherheit abgewichen werden kann, ist hier nicht gegeben, da an dieser Stelle ein f\u00fcr den Radverkehr freigegebener Bussonderfahrstreifen vorhanden ist.<\/p>\n\n\n\n<p>F\u00fcr den Radfahrenden ist an dieser Stelle nicht erkennbar, welche Regel f\u00fcr ihn gilt. Die Benutzungspflicht des gemeinsamen Geh- und Radwegs steht im deutlichen Widerspruch zu den Fahrradpiktogrammen auf der Busspur. Um die freigegebene Busspur zu erreichen, m\u00fcssen die Radfahrenden die Rechtsabbiegerspur \u00fcberqueren. Daher kann es auch kein erh\u00f6htes Sicherheitsrisiko darstellen, wenn Radfahrende, die rechts in die M\u00fcnsterstra\u00dfe abbiegen wollen, die Rechtsabbiegerspur benutzen. Ein entsprechende Linienf\u00fchrung f\u00fcr Radfahrende zur Busspur oder die Anbringung von Fahrrad-Piktogrammen auf der Rechtsabbiegerspur w\u00e4ren w\u00fcnschenswert, damit Autofahrende auf die Nutzungsm\u00f6glichkeit durch den Radverkehr aufmerksam gemacht werden.<\/p>\n\n\n\n<h3 class=\"wp-block-heading\">Anwort vom 12. Mai 2022<\/h3>\n\n\n\n<blockquote class=\"wp-block-quote is-layout-flow wp-block-quote-is-layout-flow\"><p>Sehr geehrter Herr Hupfeld,<\/p><p>herzlichen Dank f\u00fcr Ihr Schreiben an die Stadtverwaltung Hamm.<br>Das zust\u00e4ndige Tiefbau- und Gr\u00fcnfl\u00e4chenamt hat Ihre Anregung gepr\u00fcft.<\/p><p>Als Fazit kann ich Ihnen mitteilen, dass heute Morgen eine verkehrsrechtliche Anordnung zur \u00c4nderung der bestehenden Beschilderung geschrieben wurde (Fu\u00dfweg und Radfahrer frei), da die vorhandene Ausweisung als gemeinsamer Rad\/Fu\u00dfweg noch ein Altbestand ist und nicht den derzeitigen Anforderungen der Empfehlung f\u00fcr Radverkehrsanlagen entspricht.<br>Auf eine Rotmarkierung bzw. Linienf\u00fchrung vom B\u00fcrgersteig bis zur Busspur wird verzichtet, da dies dem Radfahrer eine vermeintliche Vorfahrt suggerieren und es so zu einem erh\u00f6hten Unfallrisiko kommen k\u00f6nnte. Ferner hat der Radfahrende noch eine Wahlm\u00f6glichkeit, da er auch den B\u00fcrgersteig weiterhin benutzen kann.<\/p><p>Nichts ist so gut, dass wir es nicht noch besser machen k\u00f6nnen &#8211; daher danken wir Ihnen vielmals f\u00fcr Ihre Anregungen.<\/p><p>Mit freundlichen Gr\u00fc\u00dfen<br>Im Auftrag<\/p><cite><strong>Stadt Hamm<\/strong><br>B\u00fcro des Oberb\u00fcrgermeisters<br><em>Referat f\u00fcr Grundsatzfragen&nbsp;<\/em><br>Theodor-Heuss-Platz 16<br>59065 Hamm<br>12.05.2022<br><\/cite><\/blockquote>\n\n\n\n<figure class=\"wp-block-image size-large is-style-default\"><img loading=\"lazy\" decoding=\"async\" width=\"1024\" height=\"768\" src=\"https:\/\/radwege-hamm.de\/wp\/wp-content\/uploads\/2022\/05\/IMG_1245-1024x768.jpg\" alt=\"\" class=\"wp-image-3111\" srcset=\"https:\/\/radwege-hamm.de\/wp\/wp-content\/uploads\/2022\/05\/IMG_1245-1024x768.jpg 1024w, https:\/\/radwege-hamm.de\/wp\/wp-content\/uploads\/2022\/05\/IMG_1245-300x225.jpg 300w, https:\/\/radwege-hamm.de\/wp\/wp-content\/uploads\/2022\/05\/IMG_1245-768x576.jpg 768w, https:\/\/radwege-hamm.de\/wp\/wp-content\/uploads\/2022\/05\/IMG_1245-1536x1152.jpg 1536w, https:\/\/radwege-hamm.de\/wp\/wp-content\/uploads\/2022\/05\/IMG_1245-1320x990.jpg 1320w, https:\/\/radwege-hamm.de\/wp\/wp-content\/uploads\/2022\/05\/IMG_1245.jpg 1600w\" sizes=\"auto, (max-width: 1024px) 100vw, 1024px\" \/><figcaption>fotografiert am 24.05.2022<\/figcaption><\/figure>\n","protected":false},"excerpt":{"rendered":"<p>Update 23.05.2022 Anregung nach \u00a7 24 der Gemeindeordnung Nordrhein-Westfalen &#8211; \u00c4nderung eines Verkehrszeichens Sehr geehrter Herr Oberb\u00fcrgermeister, mit diesem Schreiben beantrage ich das Verkehrszeichen 240 (Gemeinsamer Geh- und Radweg) an der Heessener Stra\u00dfe\/Auf dem Loh zu entfernen und durch eine Verkehrszeichen 239 (Gehweg) mit dem Zusatzzeichen 1022-10 (Radverkehr frei) zu [&hellip;]<\/p>\n","protected":false},"author":1,"featured_media":2990,"comment_status":"open","ping_status":"closed","sticky":false,"template":"","format":"standard","meta":{"_EventAllDay":false,"_EventTimezone":"","_EventStartDate":"","_EventEndDate":"","_EventStartDateUTC":"","_EventEndDateUTC":"","_EventShowMap":false,"_EventShowMapLink":false,"_EventURL":"","_EventCost":"","_EventCostDescription":"","_EventCurrencySymbol":"","_EventCurrencyCode":"","_EventCurrencyPosition":"","_EventDateTimeSeparator":"","_EventTimeRangeSeparator":"","_EventOrganizerID":[],"_EventVenueID":[],"_OrganizerEmail":"","_OrganizerPhone":"","_OrganizerWebsite":"","_VenueAddress":"","_VenueCity":"","_VenueCountry":"","_VenueProvince":"","_VenueState":"","_VenueZip":"","_VenuePhone":"","_VenueURL":"","_VenueStateProvince":"","_VenueLat":"","_VenueLng":"","_VenueShowMap":false,"_VenueShowMapLink":false,"_themeisle_gutenberg_block_has_review":false,"footnotes":""},"categories":[7,33],"tags":[97,82,92,55],"class_list":["post-2988","post","type-post","status-publish","format-standard","has-post-thumbnail","hentry","category-radwege","category-politik","tag-anregung-24-go","tag-benutzungspflichtige-radwege","tag-busspur","tag-verkehrspolitik"],"_links":{"self":[{"href":"https:\/\/radwege-hamm.de\/wp\/wp-json\/wp\/v2\/posts\/2988","targetHints":{"allow":["GET"]}}],"collection":[{"href":"https:\/\/radwege-hamm.de\/wp\/wp-json\/wp\/v2\/posts"}],"about":[{"href":"https:\/\/radwege-hamm.de\/wp\/wp-json\/wp\/v2\/types\/post"}],"author":[{"embeddable":true,"href":"https:\/\/radwege-hamm.de\/wp\/wp-json\/wp\/v2\/users\/1"}],"replies":[{"embeddable":true,"href":"https:\/\/radwege-hamm.de\/wp\/wp-json\/wp\/v2\/comments?post=2988"}],"version-history":[{"count":8,"href":"https:\/\/radwege-hamm.de\/wp\/wp-json\/wp\/v2\/posts\/2988\/revisions"}],"predecessor-version":[{"id":3122,"href":"https:\/\/radwege-hamm.de\/wp\/wp-json\/wp\/v2\/posts\/2988\/revisions\/3122"}],"wp:featuredmedia":[{"embeddable":true,"href":"https:\/\/radwege-hamm.de\/wp\/wp-json\/wp\/v2\/media\/2990"}],"wp:attachment":[{"href":"https:\/\/radwege-hamm.de\/wp\/wp-json\/wp\/v2\/media?parent=2988"}],"wp:term":[{"taxonomy":"category","embeddable":true,"href":"https:\/\/radwege-hamm.de\/wp\/wp-json\/wp\/v2\/categories?post=2988"},{"taxonomy":"post_tag","embeddable":true,"href":"https:\/\/radwege-hamm.de\/wp\/wp-json\/wp\/v2\/tags?post=2988"}],"curies":[{"name":"wp","href":"https:\/\/api.w.org\/{rel}","templated":true}]}}