{"id":3490,"date":"2022-08-30T18:50:51","date_gmt":"2022-08-30T18:50:51","guid":{"rendered":"https:\/\/radwege-hamm.de\/wp\/?p=3490"},"modified":"2022-08-30T19:12:20","modified_gmt":"2022-08-30T19:12:20","slug":"radhauptrouten-nach-rhynern-und-westtuennen","status":"publish","type":"post","link":"https:\/\/radwege-hamm.de\/wp\/radhauptrouten-nach-rhynern-und-westtuennen\/","title":{"rendered":"Stadtverwaltung stellt die Planung der Radhauptrouten nach Rhynern und Westt\u00fcnnen vor"},"content":{"rendered":"<div class=\"wp-block-image\">\n<figure class=\"alignleft size-full\"><a href=\"https:\/\/radwege-hamm.de\/wp\/wp-content\/uploads\/2022\/08\/Bildschirmfoto-2022-08-30-um-20.54.57.png\"><img loading=\"lazy\" decoding=\"async\" width=\"474\" height=\"310\" src=\"https:\/\/radwege-hamm.de\/wp\/wp-content\/uploads\/2022\/08\/Bildschirmfoto-2022-08-30-um-20.54.57.png\" alt=\"\" class=\"wp-image-3492\" srcset=\"https:\/\/radwege-hamm.de\/wp\/wp-content\/uploads\/2022\/08\/Bildschirmfoto-2022-08-30-um-20.54.57.png 474w, https:\/\/radwege-hamm.de\/wp\/wp-content\/uploads\/2022\/08\/Bildschirmfoto-2022-08-30-um-20.54.57-300x196.png 300w\" sizes=\"auto, (max-width: 474px) 100vw, 474px\" \/><\/a><\/figure>\n<\/div>\n\n\n<p>Im Ratssystem der Stadt Hamm wurde die Beschlussvorlage und die Pl\u00e4ne zum Ausbau der Radhauptrouten nach Rhynern und Westt\u00fcnnen ver\u00f6ffentlicht. Damit ist nach den Beschl\u00fcssen f\u00fcr die <a href=\"https:\/\/radwege-hamm.de\/wp\/fahrradpromenade\/\" data-type=\"post\" data-id=\"166\">Fahrradpromenade<\/a> und die Radrouten nach <a href=\"https:\/\/radwege-hamm.de\/wp\/radrouten-uentrop-werries-in-planung\/\" data-type=\"post\" data-id=\"2543\">Uentrop, Werries und Braam-Ostwennemar<\/a> der n\u00e4chste Schritt getan. Weiter soll es im Uhrzeigersinn mit der Route nach Pelkum gehen.<\/p>\n\n\n\n<p>Die derzeitigen Planungen werden aber erst nach und nach in einzelnen Bauabschnitten umgesetzt, weil z.B. Grunderwerb notwendig ist. Auch sind die Ausbaustandards in den Beschlussvorlagen nicht beschrieben.<\/p>\n\n\n\n<h3 class=\"wp-block-heading\">Radhauptroute nach Rhynern<\/h3>\n\n\n\n<p>Nach Rhynern bleibt der vorhandene Streckenverlauf der IGS-Route erhalten, wird aber ausgebaut und fahrradfreundlicher gestaltet. So soll die Gr\u00fcnstra\u00dfe bis zur RLG-Trasse Fahrradstra\u00dfe werden, der Weg entlang der RLG-Trasse und die Kleinbahntrasse werden wo m\u00f6glich verbreitert und beleuchtet. Die Willi-Bonnemeier-Treppe wird durch eine Rampe ersetzt oder erg\u00e4nzt.<\/p>\n\n\n\n<p>Die problematische Kreuzung Werler Stra\u00dfe\/Dr- Loeb-Caldenhof-Stra\u00dfe wird ebenfalls \u00fcberplant. Dazu soll im Zuge des Neubaus der Autobahn GmbH auf dem Gel\u00e4nde der ehemaligen G\u00e4rtnerei Kley Fl\u00e4che erworben werden, um eine bessere F\u00fchrung des Radverkehrs zu gew\u00e4hrleisten. Fahrradfurten sollen rot markiert werden.<\/p>\n\n\n\n<h3 class=\"wp-block-heading\">Radhaupteroute nach Westt\u00fcnnen<\/h3>\n\n\n\n<p>Die Route nach Westt\u00fcnnen verl\u00e4uft vom Otto-Kraft-Platz entlang der Br\u00fcckenstra\u00dfe \u00fcber die Caldenhofer Stra\u00dfe durch den Rothebach. Bei der \u00dcberquerung des Caldenhofer Weges soll die Ampel mit einer Detektion f\u00fcr Radfahrer erg\u00e4nzt werden.<\/p>\n\n\n\n<p>Die Kreuzung Ahornallee, Eschenallee wird zu einem Kreisverkehr umgebaut. Durch die Eschenallee geht es weiter durch den Gr\u00fcng\u00fcrtel bis zur Stra\u00dfe Am Pilsholz. \u00dcber den Sepp-Herberger-Weg und den Rad- und Fu\u00dfweg Werler Stra\u00dfe parallel zur RLG-Trasse geht es weiter Richtung Rottwiese. Die Route f\u00fchrt anschlie\u00dfend \u00fcber die Stra\u00dfe In der Fuchsh\u00f6hle und Brehmstra\u00dfe zur Von-Th\u00fcnen-Stra\u00dfe mit Endpunkt am geplanten Haltepunkt Westt\u00fcnnen. Der Sepp-Herberger-Weg wird ausgebaut und die Trasse entlang der RLG-Bahn verbreitert und asphaltiert.<\/p>\n\n\n\n<h3 class=\"wp-block-heading\">Kommentar<\/h3>\n\n\n\n<p>Der Verlauf der Radhauptrouten ist mit den bis heute ver\u00f6ffentlichten Beschlussvorlagen festgelegt. Dabei setzt man weitgehend auf nicht stra\u00dfenbegleitende Radwege, was sehr zu begr\u00fc\u00dfen ist, vor allem, wenn diese auch beleuchtet werden.<\/p>\n\n\n\n<p>Allerdings sind die Ausbaustandards noch nicht beschrieben. Sch\u00f6n w\u00e4re, wenn man die Radhauptrouten als Radvorangrouten RVR mit den daf\u00fcr <a href=\"https:\/\/radwege-hamm.de\/wp\/standards-von-radwegen\/\" data-type=\"post\" data-id=\"2699\">festgelegten Standards<\/a> ausbauen w\u00fcrde. Das wird vermutlich nicht geschehen, stattdessen setzt die Stadtverwaltung wieder auf kombinierte Geh- und Radwege, was automatisch zu Konflikten zwischen den Verkehrsteilnehmern f\u00fchrt. Ob das dann eine einladende Radinfrastruktur darstellt, wie sie das Bundesverkehrsministerium beschreibt, wage ich zu bezweifeln. \u201cEin guter Radweg hat je Fahrtrichtung eine Breite von mindestens 2,50 m\u201d, hei\u00dft es in der <a href=\"https:\/\/radwege-hamm.de\/wp\/einladende-radwege-broschuere-des-bmdv\/\" data-type=\"post\" data-id=\"3240\">Brosch\u00fcre des BMDV<\/a>.&nbsp;<\/p>\n\n\n\n<p>F\u00fcr Radvorrangrouten sollen kombinierte Wege mit Fu\u00df- und Radverkehr m\u00f6glichst vermieden werden. Sonst wird f\u00fcr einen kombinierten Geh- und Zweirichtungsradwege innerorts eine Breite von 4 m, au\u00dferorts von 3,50 m vorgeschrieben. Das sollte auch der Standard f\u00fcr die Radrouten in die Stadtbezirke sein.<\/p>\n\n\n\n<h3 class=\"wp-block-heading\">Dokumente<\/h3>\n\n\n\n<ul class=\"wp-block-list\"><li><a rel=\"noreferrer noopener\" href=\"https:\/\/wiki.radwege-hamm.de\/lib\/exe\/fetch.php?media=beschluss_0839_22_-_hauptrouten_rhynern_und_westtuennen.pdf\" target=\"_blank\">Beschlussvorlage<\/a><\/li><li><a rel=\"noreferrer noopener\" href=\"https:\/\/wiki.radwege-hamm.de\/lib\/exe\/fetch.php?media=uebersichtsplan_hauptroute_rhynern.pdf\" target=\"_blank\">Plan der Radhauptroute nach Rhynern<\/a><\/li><li><a rel=\"noreferrer noopener\" href=\"https:\/\/wiki.radwege-hamm.de\/lib\/exe\/fetch.php?media=uebersichtsplan_hauptroute_westtuennen.pdf\" target=\"_blank\">Plan der Radhauptroute nach Westt\u00fcnnen<\/a><\/li><li><a href=\"https:\/\/wiki.radwege-hamm.de\/lib\/exe\/fetch.php?media=massnahmentabelle_hauptroute_rhynern.pdf\" target=\"_blank\" rel=\"noreferrer noopener\">Ma\u00dfnahmentabelle Radhauptroute Rhynern<\/a><\/li><li><a href=\"https:\/\/wiki.radwege-hamm.de\/lib\/exe\/fetch.php?media=massnahmentabelle_hauptroute_westtuennen.pdf\" target=\"_blank\" rel=\"noreferrer noopener\">Ma\u00dfnahmentabelle Radhauptroute Westt\u00fcnnen<\/a><\/li><li><a href=\"https:\/\/wiki.radwege-hamm.de\/lib\/exe\/fetch.php?media=radhauptrouten_2022.pdf\" target=\"_blank\" rel=\"noreferrer noopener\">Radhauptrouten 2022<\/a><\/li><\/ul>\n","protected":false},"excerpt":{"rendered":"<p>Im Ratssystem der Stadt Hamm wurde die Beschlussvorlage und die Pl\u00e4ne zum Ausbau der Radhauptrouten nach Rhynern und Westt\u00fcnnen ver\u00f6ffentlicht. Damit ist nach den Beschl\u00fcssen f\u00fcr die Fahrradpromenade und die Radrouten nach Uentrop, Werries und Braam-Ostwennemar der n\u00e4chste Schritt getan. Weiter soll es im Uhrzeigersinn mit der Route nach Pelkum [&hellip;]<\/p>\n","protected":false},"author":1,"featured_media":3492,"comment_status":"open","ping_status":"closed","sticky":false,"template":"","format":"standard","meta":{"_EventAllDay":false,"_EventTimezone":"","_EventStartDate":"","_EventEndDate":"","_EventStartDateUTC":"","_EventEndDateUTC":"","_EventShowMap":false,"_EventShowMapLink":false,"_EventURL":"","_EventCost":"","_EventCostDescription":"","_EventCurrencySymbol":"","_EventCurrencyCode":"","_EventCurrencyPosition":"","_EventDateTimeSeparator":"","_EventTimeRangeSeparator":"","_EventOrganizerID":[],"_EventVenueID":[],"_OrganizerEmail":"","_OrganizerPhone":"","_OrganizerWebsite":"","_VenueAddress":"","_VenueCity":"","_VenueCountry":"","_VenueProvince":"","_VenueState":"","_VenueZip":"","_VenuePhone":"","_VenueURL":"","_VenueStateProvince":"","_VenueLat":"","_VenueLng":"","_VenueShowMap":false,"_VenueShowMapLink":false,"_themeisle_gutenberg_block_has_review":false,"footnotes":""},"categories":[1,7,8,33],"tags":[],"class_list":["post-3490","post","type-post","status-publish","format-standard","has-post-thumbnail","hentry","category-allgemein","category-radwege","category-stadtteilrouten","category-politik"],"_links":{"self":[{"href":"https:\/\/radwege-hamm.de\/wp\/wp-json\/wp\/v2\/posts\/3490","targetHints":{"allow":["GET"]}}],"collection":[{"href":"https:\/\/radwege-hamm.de\/wp\/wp-json\/wp\/v2\/posts"}],"about":[{"href":"https:\/\/radwege-hamm.de\/wp\/wp-json\/wp\/v2\/types\/post"}],"author":[{"embeddable":true,"href":"https:\/\/radwege-hamm.de\/wp\/wp-json\/wp\/v2\/users\/1"}],"replies":[{"embeddable":true,"href":"https:\/\/radwege-hamm.de\/wp\/wp-json\/wp\/v2\/comments?post=3490"}],"version-history":[{"count":5,"href":"https:\/\/radwege-hamm.de\/wp\/wp-json\/wp\/v2\/posts\/3490\/revisions"}],"predecessor-version":[{"id":3498,"href":"https:\/\/radwege-hamm.de\/wp\/wp-json\/wp\/v2\/posts\/3490\/revisions\/3498"}],"wp:featuredmedia":[{"embeddable":true,"href":"https:\/\/radwege-hamm.de\/wp\/wp-json\/wp\/v2\/media\/3492"}],"wp:attachment":[{"href":"https:\/\/radwege-hamm.de\/wp\/wp-json\/wp\/v2\/media?parent=3490"}],"wp:term":[{"taxonomy":"category","embeddable":true,"href":"https:\/\/radwege-hamm.de\/wp\/wp-json\/wp\/v2\/categories?post=3490"},{"taxonomy":"post_tag","embeddable":true,"href":"https:\/\/radwege-hamm.de\/wp\/wp-json\/wp\/v2\/tags?post=3490"}],"curies":[{"name":"wp","href":"https:\/\/api.w.org\/{rel}","templated":true}]}}