{"id":4108,"date":"2023-07-05T07:38:14","date_gmt":"2023-07-05T07:38:14","guid":{"rendered":"https:\/\/radwege-hamm.de\/wp\/?p=4108"},"modified":"2023-07-05T07:54:38","modified_gmt":"2023-07-05T07:54:38","slug":"adfc-fordert-radverkehrsbeauftragten-fuer-hamm-schon-seit-1986","status":"publish","type":"post","link":"https:\/\/radwege-hamm.de\/wp\/adfc-fordert-radverkehrsbeauftragten-fuer-hamm-schon-seit-1986\/","title":{"rendered":"ADFC fordert Radverkehrsbeauftragten f\u00fcr Hamm &#8211; schon seit 1986"},"content":{"rendered":"\n<p>In den letzten Wochen haben wir im Vorstand des ADFC und beim Radlerstammtisch immer wieder \u00fcber die Forderung nach einem Radverkehrsbeauftragten diskutiert. Wir halten eine solche Stelle f\u00fcr dringend erforderlich. Der Radverkehrsbeauftragte sollte an herausgehobener Stelle in der Stadtverwaltung die Entwicklung des Radverkehrs vorantreiben und auch Ansprechpartner f\u00fcr Politik und Verb\u00e4nde sein.<\/p>\n\n\n\n<p>Zuf\u00e4llig fiel mein Blick vor einer Woche auf einen Zettel aus dem Jahr 1986 an der Pinnwand des ADFC-Fahrradb\u00fcros und ich traute meinen Augen nicht. Vor 37 Jahren, noch vor der Gr\u00fcndung des ADFC-Kreisverbandes, hatte der ADFC-Ortsverband Hamm die gleiche Forderung aufgestellt. Eigentlich k\u00f6nnte man den Brief so noch einmal an die Stadt Hamm schicken, denn die heutigen Forderungen unterscheiden sich in den zentralen Punkten nicht von den damaligen.<\/p>\n\n\n\n<blockquote class=\"wp-block-quote is-layout-flow wp-block-quote-is-layout-flow\">\n<p><em>Sehr geehrte Damen und Herren,<\/em><\/p>\n\n\n\n<p><em>wir bitten Sie zu beschlie\u00dfen bzw. zu empfehlen, da\u00df f\u00fcr alle Fahrradbelange in der Stadt Hamm ein Fahrradbeauftragter (FB) ernannt wird.<\/em><br><em>Der FB sollte m\u00f6glichst einem Abteilungsleiter (oder h\u00f6her) in der Funktion\/ Kompetenz und Besoldung gleichstehen. Einige Aufgaben die der Fahrradbeauftragte wahrnehmen sollte:<\/em><br>&#8211; <em>Ansprechpartner in Fahrradfragen f\u00fcr alle B\u00fcrger und Organisationen<\/em><br>&#8211; <em>Bauantr\u00e4ge die Fahrradinteressen ber\u00fchren zur Pr\u00fcfung\/Genehmigung erhalten (Vetorecht)<\/em><br>&#8211; <em>Fahrradfahrerinteressen in den Generalverkehrsplan einbringen<\/em><br>&#8211; <em>Radwegebau \u00fcberwachen<\/em><br>&#8211; <em>Fahrradwerbung vornehmen<\/em><br>&#8211; <em>Stimme in Verkehrsrat erhalten <\/em><br>&#8211; <em>usw ..<\/em><br><em>Als wichtig erachten wir, damit der FB nicht nur Alibitr\u00e4ger der Verwaltung wird, da\u00df als FB nur jemand ernannt wird, der bisher schon als engagierter Fahrradfahrer und Alltagsradler in Erscheinung getreten ist.<\/em><br><em>Mit freundlichen Gr\u00fc\u00dfen<\/em><\/p>\n<cite>Schreiben der Ortsgruppe des ADFC an den Beschwerdeausschuss aus dem Jahr 1986<\/cite><\/blockquote>\n\n\n<div class=\"wp-block-image\">\n<figure class=\"aligncenter size-large is-resized\"><a href=\"https:\/\/radwege-hamm.de\/wp\/wp-content\/uploads\/2023\/07\/Fahrradbeauftragter-scaled.jpg\"><img loading=\"lazy\" decoding=\"async\" src=\"https:\/\/radwege-hamm.de\/wp\/wp-content\/uploads\/2023\/07\/Fahrradbeauftragter-696x1024.jpg\" alt=\"Schreiben der Ortsgruppe Hamm aus dem Jahr 1986\" class=\"wp-image-4109\" width=\"364\" height=\"534\"\/><\/a><\/figure>\n<\/div>\n\n\n<p>Nun k\u00f6nnte man sagen, dass Hamm doch eine Fahrradbeauftragte hat. Allerdings ist diese Stelle nicht im Tiefbauamt, sondern im Stadtplanungsamt angesiedelt und u.a. mit Marketingaufgaben betraut. Derzeit wird die Stelle vertretungsweise von einem Werkstudenten wahrgenommen. Was die Stadt aber braucht, ist eine Person, die sich an verantwortlicher Stelle f\u00fcr den Radverkehr einsetzt und sich auch durchsetzen kann. Diese Stelle des Fahrradbeauftragten entspricht genau nicht den Forderungen der ADFC-Ortsgruppe von vor 37 Jahren.<\/p>\n\n\n\n<p>Der Rat der Stadt Hamm hat beschlossen, dass die Stadt bis 2035 klimaneutral werden soll. Dazu geh\u00f6rt auch eine Verkehrswende mit einer Verlagerung vom motorisierten Individualverkehr (MIV) hin zu mehr Fu\u00df- und Radverkehr sowie \u00f6ffentlichem Personennahverkehr (\u00d6PNV). Derzeit erarbeitet die Stadt einen <strong>Masterplan Mobilit\u00e4t <\/strong>und einen <strong>Nahverkehrsplan<\/strong>. F\u00fcr den Radverkehr werden <a href=\"https:\/\/radwege-hamm.de\/wp\/category\/stadtteilrouten\/\">Radhauptrouten<\/a> geplant. Abgesehen davon, dass von diesen Planungen bisher kaum etwas umgesetzt wurde, fehlt ein echter Radverkehrsplan f\u00fcr die Stadt. <\/p>\n\n\n\n<p><strong>Nicht Werbung und Marketing motivieren zum Radfahren, sondern eine gute Radinfrastruktur.<\/strong> Wir brauchen <a href=\"https:\/\/radwege-hamm.de\/wp\/einladende-radwege-broschuere-des-bmdv\/\" data-type=\"post\" data-id=\"3240\">einladende Radwege<\/a>, dann fahren die Menschen auch mit dem Rad zum Einkaufen, zur Arbeit und zur Schule. Um das umzusetzen, braucht es eine Person in leitender Funktion, die sich ausschlie\u00dflich f\u00fcr den Radverkehr und die Nahmobilit\u00e4t einsetzt. Dann kommt es hoffentlich nicht zu so <a href=\"https:\/\/radwege-hamm.de\/wp\/radwegeplanung-am-auenpark-eine-glosse\/\" data-type=\"post\" data-id=\"4102\">gruseligen Wegef\u00fchrungen<\/a> wie jetzt im Auenpark.<\/p>\n\n\n\n<p>Die Forderung nach einem Radverkehrsbeauftragten in Hamm ist so aktuell wie 1986 und sollte angesichts der Herausforderungen der Klimakatastrophe neu \u00fcberdacht werden.<\/p>\n","protected":false},"excerpt":{"rendered":"<p>In den letzten Wochen haben wir im Vorstand des ADFC und beim Radlerstammtisch immer wieder \u00fcber die Forderung nach einem Radverkehrsbeauftragten diskutiert. Wir halten eine solche Stelle f\u00fcr dringend erforderlich. Der Radverkehrsbeauftragte sollte an herausgehobener Stelle in der Stadtverwaltung die Entwicklung des Radverkehrs vorantreiben und auch Ansprechpartner f\u00fcr Politik und [&hellip;]<\/p>\n","protected":false},"author":1,"featured_media":4109,"comment_status":"open","ping_status":"closed","sticky":false,"template":"","format":"standard","meta":{"_EventAllDay":false,"_EventTimezone":"","_EventStartDate":"","_EventEndDate":"","_EventStartDateUTC":"","_EventEndDateUTC":"","_EventShowMap":false,"_EventShowMapLink":false,"_EventURL":"","_EventCost":"","_EventCostDescription":"","_EventCurrencySymbol":"","_EventCurrencyCode":"","_EventCurrencyPosition":"","_EventDateTimeSeparator":"","_EventTimeRangeSeparator":"","_EventOrganizerID":[],"_EventVenueID":[],"_OrganizerEmail":"","_OrganizerPhone":"","_OrganizerWebsite":"","_VenueAddress":"","_VenueCity":"","_VenueCountry":"","_VenueProvince":"","_VenueState":"","_VenueZip":"","_VenuePhone":"","_VenueURL":"","_VenueStateProvince":"","_VenueLat":"","_VenueLng":"","_VenueShowMap":false,"_VenueShowMapLink":false,"_themeisle_gutenberg_block_has_review":false,"footnotes":""},"categories":[1,14,33],"tags":[111,110,55],"class_list":["post-4108","post","type-post","status-publish","format-standard","has-post-thumbnail","hentry","category-allgemein","category-homepage","category-politik","tag-fahrradbeauftragter","tag-radverkerhsbeauftrager","tag-verkehrspolitik"],"_links":{"self":[{"href":"https:\/\/radwege-hamm.de\/wp\/wp-json\/wp\/v2\/posts\/4108","targetHints":{"allow":["GET"]}}],"collection":[{"href":"https:\/\/radwege-hamm.de\/wp\/wp-json\/wp\/v2\/posts"}],"about":[{"href":"https:\/\/radwege-hamm.de\/wp\/wp-json\/wp\/v2\/types\/post"}],"author":[{"embeddable":true,"href":"https:\/\/radwege-hamm.de\/wp\/wp-json\/wp\/v2\/users\/1"}],"replies":[{"embeddable":true,"href":"https:\/\/radwege-hamm.de\/wp\/wp-json\/wp\/v2\/comments?post=4108"}],"version-history":[{"count":5,"href":"https:\/\/radwege-hamm.de\/wp\/wp-json\/wp\/v2\/posts\/4108\/revisions"}],"predecessor-version":[{"id":4114,"href":"https:\/\/radwege-hamm.de\/wp\/wp-json\/wp\/v2\/posts\/4108\/revisions\/4114"}],"wp:featuredmedia":[{"embeddable":true,"href":"https:\/\/radwege-hamm.de\/wp\/wp-json\/wp\/v2\/media\/4109"}],"wp:attachment":[{"href":"https:\/\/radwege-hamm.de\/wp\/wp-json\/wp\/v2\/media?parent=4108"}],"wp:term":[{"taxonomy":"category","embeddable":true,"href":"https:\/\/radwege-hamm.de\/wp\/wp-json\/wp\/v2\/categories?post=4108"},{"taxonomy":"post_tag","embeddable":true,"href":"https:\/\/radwege-hamm.de\/wp\/wp-json\/wp\/v2\/tags?post=4108"}],"curies":[{"name":"wp","href":"https:\/\/api.w.org\/{rel}","templated":true}]}}