{"id":4205,"date":"2023-09-03T17:37:59","date_gmt":"2023-09-03T17:37:59","guid":{"rendered":"https:\/\/radwege-hamm.de\/wp\/?p=4205"},"modified":"2023-09-03T17:38:54","modified_gmt":"2023-09-03T17:38:54","slug":"adfc-hamm-fordert-tempo-30-auf-der-wilhelmstrasse","status":"publish","type":"post","link":"https:\/\/radwege-hamm.de\/wp\/adfc-hamm-fordert-tempo-30-auf-der-wilhelmstrasse\/","title":{"rendered":"ADFC Hamm fordert Tempo 30 auf der Wilhelmstra\u00dfe"},"content":{"rendered":"\n<p>Der Allgemeine Deutsche Fahrrad Club (ADFC) in Hamm setzt sich nachdr\u00fccklich f\u00fcr die Einf\u00fchrung von Tempo 30 auf der Wilhelmstra\u00dfe ein. Hintergrund der Forderung sind die zahlreichen Unf\u00e4lle zwischen Pkw und Radfahrern sowie Fu\u00dfg\u00e4ngern auf der Wilhelmstra\u00dfe. Allein im Jahr 2022 ereigneten sich 14 solcher Unf\u00e4lle, hinzu kamen 2 weitere Unf\u00e4lle mit Fahrradbeteiligung. Die Wilhelmstra\u00dfe stellt aufgrund der hohen Unfallh\u00e4ufigkeit und der vielen Kreuzungen und Einm\u00fcndungen eine besonders gef\u00e4hrliche Strecke f\u00fcr den Radverkehr dar. Zudem ist die Stra\u00dfe ein wichtiger Schulweg f\u00fcr viele Sch\u00fclerinnen und Sch\u00fcler, die die Schulen am Friedrich-Ebert-Park, die Wilhelm-Busch-Schule und die Berufskollegs am Vorheider Weg besuchen. Langfristig soll die Wilhelmstra\u00dfe als Teil der Radhauptrouten fahrradfreundlich umgebaut werden. Darauf k\u00f6nnen wir nicht warten. Tempo 30 ist daher aus Sicht des ADFC eine unverzichtbare Sofortma\u00dfnahme f\u00fcr diese zentrale Radverbindung in den Westen, nach Herringen und Pelkum. Sie ist kosteng\u00fcnstig und einfach umzusetzen.<\/p>\n\n\n<div class=\"wp-block-image\">\n<figure class=\"aligncenter size-large is-resized\"><img loading=\"lazy\" decoding=\"async\" src=\"https:\/\/radwege-hamm.de\/wp\/wp-content\/uploads\/2023\/09\/Unfallschwerpunkt-Wilhelmstrasse-1024x814.png\" alt=\"Die Grafik zeigt Unf\u00e4lle mit Personensch\u00e4den von PKW mit Radfahrenden oder Fu\u00dfg\u00e4nger*innen in 2022\nQuelle: Statistisches Bundesamt\" class=\"wp-image-4211\" style=\"width:670px;height:533px\" width=\"670\" height=\"533\" srcset=\"https:\/\/radwege-hamm.de\/wp\/wp-content\/uploads\/2023\/09\/Unfallschwerpunkt-Wilhelmstrasse-1024x814.png 1024w, https:\/\/radwege-hamm.de\/wp\/wp-content\/uploads\/2023\/09\/Unfallschwerpunkt-Wilhelmstrasse-300x238.png 300w, https:\/\/radwege-hamm.de\/wp\/wp-content\/uploads\/2023\/09\/Unfallschwerpunkt-Wilhelmstrasse-768x611.png 768w, https:\/\/radwege-hamm.de\/wp\/wp-content\/uploads\/2023\/09\/Unfallschwerpunkt-Wilhelmstrasse-1536x1221.png 1536w, https:\/\/radwege-hamm.de\/wp\/wp-content\/uploads\/2023\/09\/Unfallschwerpunkt-Wilhelmstrasse-1320x1049.png 1320w, https:\/\/radwege-hamm.de\/wp\/wp-content\/uploads\/2023\/09\/Unfallschwerpunkt-Wilhelmstrasse.png 1658w\" sizes=\"auto, (max-width: 670px) 100vw, 670px\" \/><\/figure>\n<\/div>\n\n\n<p class=\"has-text-align-center\">Die Grafik zeigt Unf\u00e4lle mit Personensch\u00e4den von PKW mit Radfahrenden oder Fu\u00dfg\u00e4nger*innen in 2022<br>Quelle: Statistisches Bundesamt<\/p>\n\n\n\n<h3 class=\"wp-block-heading has-text-align-left\"><strong>Argumente f\u00fcr eine Geschwindigkeitsreduzierung auf 30 km\/h:<\/strong><\/h3>\n\n\n<div class=\"wp-block-image\">\n<figure class=\"alignright size-large is-resized\"><img loading=\"lazy\" decoding=\"async\" src=\"https:\/\/radwege-hamm.de\/wp\/wp-content\/uploads\/2023\/09\/Tempo30-Anhalteweg-1024x759.jpg\" alt=\"\" class=\"wp-image-4208\" style=\"width:312px;height:231px\" width=\"312\" height=\"231\" srcset=\"https:\/\/radwege-hamm.de\/wp\/wp-content\/uploads\/2023\/09\/Tempo30-Anhalteweg-1024x759.jpg 1024w, https:\/\/radwege-hamm.de\/wp\/wp-content\/uploads\/2023\/09\/Tempo30-Anhalteweg-300x223.jpg 300w, https:\/\/radwege-hamm.de\/wp\/wp-content\/uploads\/2023\/09\/Tempo30-Anhalteweg-768x570.jpg 768w, https:\/\/radwege-hamm.de\/wp\/wp-content\/uploads\/2023\/09\/Tempo30-Anhalteweg.jpg 1200w\" sizes=\"auto, (max-width: 312px) 100vw, 312px\" \/><\/figure>\n<\/div>\n\n\n<p class=\"has-text-align-left\">1. <strong>Verkehrssicherheit erh\u00f6hen:<\/strong> Die hohe Anzahl von Unf\u00e4llen zwischen Kfz und Radfahrern sowie Fu\u00dfg\u00e4ngern auf der Wilhelmstra\u00dfe ist besorgniserregend. Durch die Einf\u00fchrung von Tempo 30 kann das Unfallrisiko deutlich gesenkt werden, da die Fahrzeuge im Notfall schneller zum Stehen kommen und so m\u00f6gliche Kollisionen vermieden werden k\u00f6nnen, da sich der Anhalteweg bei Tempo 30 gegen\u00fcber Tempo 50 halbiert.<\/p>\n\n\n<div class=\"wp-block-image\">\n<figure class=\"alignright size-large is-resized\"><img loading=\"lazy\" decoding=\"async\" src=\"https:\/\/radwege-hamm.de\/wp\/wp-content\/uploads\/2023\/09\/Tempo30-Ueberlebenschance-1024x512.jpg\" alt=\"\" class=\"wp-image-4210\" style=\"width:389px;height:195px\" width=\"389\" height=\"195\" srcset=\"https:\/\/radwege-hamm.de\/wp\/wp-content\/uploads\/2023\/09\/Tempo30-Ueberlebenschance-1024x512.jpg 1024w, https:\/\/radwege-hamm.de\/wp\/wp-content\/uploads\/2023\/09\/Tempo30-Ueberlebenschance-300x150.jpg 300w, https:\/\/radwege-hamm.de\/wp\/wp-content\/uploads\/2023\/09\/Tempo30-Ueberlebenschance-768x384.jpg 768w, https:\/\/radwege-hamm.de\/wp\/wp-content\/uploads\/2023\/09\/Tempo30-Ueberlebenschance.jpg 1200w\" sizes=\"auto, (max-width: 389px) 100vw, 389px\" \/><\/figure>\n<\/div>\n\n\n<p>2. <strong>Schutz der schw\u00e4cheren Verkehrsteilnehmer:<\/strong> Da die Wilhelmstra\u00dfe von vielen Radfahrern und Fu\u00dfg\u00e4ngern genutzt wird, ist deren Sicherheit zu gew\u00e4hrleisten. Entlang der Wilhelmstra\u00dfe bzw. in den angrenzenden Quartieren befinden sich Schulen, eine Kindertagesst\u00e4tte und ein Stadtteilzentrum. Bei Tempo 30 ist das Risiko schwerer Verletzungen deutlich geringer als bei Tempo 50. So \u00fcberleben nur 2 von 10 Fu\u00dfg\u00e4ngern eine Kollision bei 50 km\/h, aber 9 von 10 bei 30 km\/h.<\/p>\n\n\n<div class=\"wp-block-image\">\n<figure class=\"alignright size-full is-resized\"><img loading=\"lazy\" decoding=\"async\" src=\"https:\/\/radwege-hamm.de\/wp\/wp-content\/uploads\/2023\/09\/Tempo30-Laerm.png\" alt=\"\" class=\"wp-image-4209\" style=\"width:342px;height:254px\" width=\"342\" height=\"254\" srcset=\"https:\/\/radwege-hamm.de\/wp\/wp-content\/uploads\/2023\/09\/Tempo30-Laerm.png 450w, https:\/\/radwege-hamm.de\/wp\/wp-content\/uploads\/2023\/09\/Tempo30-Laerm-300x223.png 300w\" sizes=\"auto, (max-width: 342px) 100vw, 342px\" \/><\/figure>\n<\/div>\n\n\n<p>3. <strong>F\u00f6rderung des Umweltschutzes:<\/strong> Durch Tempo 30 k\u00f6nnen auch Emissionen und L\u00e4rm reduziert werden. Dies tr\u00e4gt zur Verbesserung der Luftqualit\u00e4t bei und schafft ein angenehmeres Lebensumfeld f\u00fcr die Anwohnerinnen und Anwohner. Denn Tempo 30 wird vom menschlichen Ohr als Halbierung des Verkehrs wahrgenommen.<\/p>\n\n\n\n<p>4. <strong>Schulwegsicherheit:<\/strong> Viele Sch\u00fclerinnen und Sch\u00fcler nutzen die Wilhelmstra\u00dfe als Teil ihres Schulwegs zu den Schulen am Friedrich-Ebert-Park, der Wilhelm-Busch-Schule oder den Berufskollegs am Vorheider Weg. Durch eine Geschwindigkeitsbegrenzung wird dieser Schulweg sicherer, da Kinder und Jugendliche besser vor potenziell gef\u00e4hrlichen Situationen gesch\u00fctzt sind.<\/p>\n\n\n\n<p>5. <strong>F\u00f6rderung des Radverkehrs:<\/strong> Eine angemessene Verkehrssicherheit ist ein wichtiger Faktor, um den Radverkehr zu f\u00f6rdern und mehr Menschen dazu zu ermutigen, das Fahrrad als umweltfreundliches Fortbewegungsmittel zu nutzen. Eine Reduzierung der Geschwindigkeit auf 30 km\/h schafft eine freundlicheres Umfeld f\u00fcr Radfahrende und f\u00f6rdert deren Pr\u00e4senz im Stra\u00dfenverkehr. Dies ist f\u00fcr die Wilhelmstra\u00dfe von besonderer Bedeutung, da sie Teil der Hauptradrouten nach Pelkum und Herringen ist.<\/p>\n\n\n\n<p>F\u00fcr die ca. 2,2 km lange Strecke w\u00fcrde sich die Fahrzeit f\u00fcr Pkw und Busse von 2,6 min auf 4,4 min erh\u00f6hen, also um weniger als 2 min (bei angenommener konstanter Geschwindigkeit). Angesichts der Ampelschaltungen und Stopps auf der Strecke ist dies ein vertretbarer Zeitverlust im Vergleich zu den genannten Vorteilen.<\/p>\n\n\n\n<p>Die Einf\u00fchrung von Tempo 30 auf der Wilhelmstra\u00dfe in Hamm ist daher ein notwendiger Schritt, um die Verkehrssicherheit zu erh\u00f6hen, die schw\u00e4cheren Verkehrsteilnehmer zu sch\u00fctzen, die Umweltbelastungen zu reduzieren und insbesondere den Schulweg f\u00fcr die Sch\u00fclerinnen und Sch\u00fcler sicherer zu machen, sp\u00e4testens wenn die in der parlamentarischen Beratung befindlichen \u00c4nderungen des Stra\u00dfenverkehrsgesetzes und der Stra\u00dfenverkehrsordnung dies erm\u00f6glichen.<\/p>\n\n\n\n<p><strong>Weitere Informationen<\/strong><\/p>\n\n\n\n<ul class=\"wp-block-list\">\n<li><a href=\"https:\/\/www.umweltbundesamt.de\/sites\/default\/files\/medien\/2546\/publikationen\/wirkungen_von_tempo_30_an_hauptstrassen.pdf\">Studie des Umweltbundesamtes zu Tempo 30 an Hauptstra\u00dfen<\/a><\/li>\n\n\n\n<li><a href=\"https:\/\/unfallkarte.adfc-hamm.de\">Unfallkarte Hamm<\/a><\/li>\n\n\n\n<li><a href=\"https:\/\/hamm.adfc.de\">Adfc Hamm<\/a><\/li>\n<\/ul>\n\n\n\n<p><\/p>\n","protected":false},"excerpt":{"rendered":"<p>Der Allgemeine Deutsche Fahrrad Club (ADFC) in Hamm setzt sich nachdr\u00fccklich f\u00fcr die Einf\u00fchrung von Tempo 30 auf der Wilhelmstra\u00dfe ein. Hintergrund der Forderung sind die zahlreichen Unf\u00e4lle zwischen Pkw und Radfahrern sowie Fu\u00dfg\u00e4ngern auf der Wilhelmstra\u00dfe. Allein im Jahr 2022 ereigneten sich 14 solcher Unf\u00e4lle, hinzu kamen 2 weitere [&hellip;]<\/p>\n","protected":false},"author":1,"featured_media":4211,"comment_status":"open","ping_status":"closed","sticky":false,"template":"","format":"standard","meta":{"_EventAllDay":false,"_EventTimezone":"","_EventStartDate":"","_EventEndDate":"","_EventStartDateUTC":"","_EventEndDateUTC":"","_EventShowMap":false,"_EventShowMapLink":false,"_EventURL":"","_EventCost":"","_EventCostDescription":"","_EventCurrencySymbol":"","_EventCurrencyCode":"","_EventCurrencyPosition":"","_EventDateTimeSeparator":"","_EventTimeRangeSeparator":"","_EventOrganizerID":[],"_EventVenueID":[],"_OrganizerEmail":"","_OrganizerPhone":"","_OrganizerWebsite":"","_VenueAddress":"","_VenueCity":"","_VenueCountry":"","_VenueProvince":"","_VenueState":"","_VenueZip":"","_VenuePhone":"","_VenueURL":"","_VenueStateProvince":"","_VenueLat":"","_VenueLng":"","_VenueShowMap":false,"_VenueShowMapLink":false,"_themeisle_gutenberg_block_has_review":false,"footnotes":""},"categories":[1,7,8,33],"tags":[53,55],"class_list":["post-4205","post","type-post","status-publish","format-standard","has-post-thumbnail","hentry","category-allgemein","category-radwege","category-stadtteilrouten","category-politik","tag-radwege","tag-verkehrspolitik"],"_links":{"self":[{"href":"https:\/\/radwege-hamm.de\/wp\/wp-json\/wp\/v2\/posts\/4205","targetHints":{"allow":["GET"]}}],"collection":[{"href":"https:\/\/radwege-hamm.de\/wp\/wp-json\/wp\/v2\/posts"}],"about":[{"href":"https:\/\/radwege-hamm.de\/wp\/wp-json\/wp\/v2\/types\/post"}],"author":[{"embeddable":true,"href":"https:\/\/radwege-hamm.de\/wp\/wp-json\/wp\/v2\/users\/1"}],"replies":[{"embeddable":true,"href":"https:\/\/radwege-hamm.de\/wp\/wp-json\/wp\/v2\/comments?post=4205"}],"version-history":[{"count":6,"href":"https:\/\/radwege-hamm.de\/wp\/wp-json\/wp\/v2\/posts\/4205\/revisions"}],"predecessor-version":[{"id":4216,"href":"https:\/\/radwege-hamm.de\/wp\/wp-json\/wp\/v2\/posts\/4205\/revisions\/4216"}],"wp:featuredmedia":[{"embeddable":true,"href":"https:\/\/radwege-hamm.de\/wp\/wp-json\/wp\/v2\/media\/4211"}],"wp:attachment":[{"href":"https:\/\/radwege-hamm.de\/wp\/wp-json\/wp\/v2\/media?parent=4205"}],"wp:term":[{"taxonomy":"category","embeddable":true,"href":"https:\/\/radwege-hamm.de\/wp\/wp-json\/wp\/v2\/categories?post=4205"},{"taxonomy":"post_tag","embeddable":true,"href":"https:\/\/radwege-hamm.de\/wp\/wp-json\/wp\/v2\/tags?post=4205"}],"curies":[{"name":"wp","href":"https:\/\/api.w.org\/{rel}","templated":true}]}}