{"id":4483,"date":"2024-02-15T18:11:48","date_gmt":"2024-02-15T18:11:48","guid":{"rendered":"https:\/\/radwege-hamm.de\/wp\/?p=4483"},"modified":"2024-02-15T18:19:52","modified_gmt":"2024-02-15T18:19:52","slug":"schulstrassen-statt-verkehrschaos","status":"publish","type":"post","link":"https:\/\/radwege-hamm.de\/wp\/schulstrassen-statt-verkehrschaos\/","title":{"rendered":"Schulstra\u00dfen statt Verkehrschaos"},"content":{"rendered":"<div class=\"wp-block-image\">\n<figure class=\"alignleft size-large is-resized\"><a href=\"https:\/\/radwege-hamm.de\/wp\/wp-content\/uploads\/2024\/02\/Koeln_Schulstrasse_KindermitPappschildern_copyright_Fey.jpg\"><img loading=\"lazy\" decoding=\"async\" width=\"1024\" height=\"683\" src=\"https:\/\/radwege-hamm.de\/wp\/wp-content\/uploads\/2024\/02\/Koeln_Schulstrasse_KindermitPappschildern_copyright_Fey-1024x683.jpg\" alt=\"Kinder mit Plakaten\" class=\"wp-image-4487\" style=\"width:425px;height:auto\" srcset=\"https:\/\/radwege-hamm.de\/wp\/wp-content\/uploads\/2024\/02\/Koeln_Schulstrasse_KindermitPappschildern_copyright_Fey-1024x683.jpg 1024w, https:\/\/radwege-hamm.de\/wp\/wp-content\/uploads\/2024\/02\/Koeln_Schulstrasse_KindermitPappschildern_copyright_Fey-300x200.jpg 300w, https:\/\/radwege-hamm.de\/wp\/wp-content\/uploads\/2024\/02\/Koeln_Schulstrasse_KindermitPappschildern_copyright_Fey-768x512.jpg 768w, https:\/\/radwege-hamm.de\/wp\/wp-content\/uploads\/2024\/02\/Koeln_Schulstrasse_KindermitPappschildern_copyright_Fey-1536x1024.jpg 1536w, https:\/\/radwege-hamm.de\/wp\/wp-content\/uploads\/2024\/02\/Koeln_Schulstrasse_KindermitPappschildern_copyright_Fey-360x240.jpg 360w, https:\/\/radwege-hamm.de\/wp\/wp-content\/uploads\/2024\/02\/Koeln_Schulstrasse_KindermitPappschildern_copyright_Fey-1320x880.jpg 1320w, https:\/\/radwege-hamm.de\/wp\/wp-content\/uploads\/2024\/02\/Koeln_Schulstrasse_KindermitPappschildern_copyright_Fey.jpg 2048w\" sizes=\"auto, (max-width: 1024px) 100vw, 1024px\" \/><\/a><figcaption class=\"wp-element-caption\">\u00a9 KinderAufsRad &#8211; Fey<\/figcaption><\/figure>\n<\/div>\n\n\n<p>Elterntaxis bringen die Kinder zwar bequem zur Schule, bringen aber auch eine Reihe von Problemen mit sich. Verstopfte Stra\u00dfen, zugeparkte Gehwege und riskante Fahrman\u00f6ver gef\u00e4hrden Kinder und andere Verkehrsteilnehmer. Au\u00dferdem wird die Selbst\u00e4ndigkeit der Kinder eingeschr\u00e4nkt. Kinder, die st\u00e4ndig im Auto mitgenommen werden, lernen nicht, sich selbst\u00e4ndig im Stra\u00dfenverkehr zu bewegen und wichtige Kompetenzen f\u00fcr das Verhalten im \u00f6ffentlichen Raum zu entwickeln. Dar\u00fcber hinaus tragen Elterntaxis zur Luftverschmutzung und zum Aussto\u00df von Treibhausgasen bei.<\/p>\n\n\n\n<p>Viele Schulen in Hamm haben Probleme mit Elterntaxis, in Herringen an der Lessingschule wird gerade ein Elternparkplatz eingerichtet, an der Theodor-Heuss-Schule wird \u00fcber einen Walking Bus nachgedacht.<\/p>\n\n\n\n<p>Ziel sind sichere und nachhaltige Schulwege f\u00fcr alle Kinder. Schulen, Eltern, Politik und Verwaltung m\u00fcssen gemeinsam an L\u00f6sungen arbeiten, um alternative Mobilit\u00e4tsformen zu f\u00f6rdern und den negativen Folgen von Elterntaxis entgegenzuwirken.<\/p>\n\n\n\n<p>Ein Mittel dazu ist die Einrichtung von Schulstra\u00dfen, d.h. w\u00e4hrend der Bring- und Abholzeiten wird die Stra\u00dfe vor der Schule tempor\u00e4r f\u00fcr den Kraftverkehr gesperrt, so dass die Sch\u00fclerinnen und Sch\u00fcler gefahrlos zu Fu\u00df zur Schule gehen k\u00f6nnen.<\/p>\n\n\n\n<h2 class=\"wp-block-heading\">Beispiele f\u00fcr Schulstra\u00dfen<\/h2>\n\n\n<div class=\"wp-block-image\">\n<figure class=\"alignright size-large is-resized\"><a href=\"https:\/\/radwege-hamm.de\/wp\/wp-content\/uploads\/2024\/02\/schulstrasse_Koeln_pilot_\u00a9AmreiKemming-10-scaled.jpg\"><img loading=\"lazy\" decoding=\"async\" width=\"768\" height=\"1024\" src=\"https:\/\/radwege-hamm.de\/wp\/wp-content\/uploads\/2024\/02\/schulstrasse_Koeln_pilot_\u00a9AmreiKemming-10-768x1024.jpg\" alt=\"Einrichtung einer Schulstra\u00dfe in K\u00f6ln\" class=\"wp-image-4489\" style=\"width:338px;height:auto\" srcset=\"https:\/\/radwege-hamm.de\/wp\/wp-content\/uploads\/2024\/02\/schulstrasse_Koeln_pilot_\u00a9AmreiKemming-10-768x1024.jpg 768w, https:\/\/radwege-hamm.de\/wp\/wp-content\/uploads\/2024\/02\/schulstrasse_Koeln_pilot_\u00a9AmreiKemming-10-225x300.jpg 225w, https:\/\/radwege-hamm.de\/wp\/wp-content\/uploads\/2024\/02\/schulstrasse_Koeln_pilot_\u00a9AmreiKemming-10-1152x1536.jpg 1152w, https:\/\/radwege-hamm.de\/wp\/wp-content\/uploads\/2024\/02\/schulstrasse_Koeln_pilot_\u00a9AmreiKemming-10-1536x2048.jpg 1536w, https:\/\/radwege-hamm.de\/wp\/wp-content\/uploads\/2024\/02\/schulstrasse_Koeln_pilot_\u00a9AmreiKemming-10-1320x1760.jpg 1320w, https:\/\/radwege-hamm.de\/wp\/wp-content\/uploads\/2024\/02\/schulstrasse_Koeln_pilot_\u00a9AmreiKemming-10-scaled.jpg 1920w\" sizes=\"auto, (max-width: 768px) 100vw, 768px\" \/><\/a><figcaption class=\"wp-element-caption\">\u00a9 KinderAufsRad  &#8211; Amrei Kemming<br>Einrichtung einer Schulstra\u00dfe in K\u00f6ln<\/figcaption><\/figure>\n<\/div>\n\n\n<p>Auch in Nordrhein-Westfalen gibt es in einer Reihe von St\u00e4dten Modellversuche mit Schulstra\u00dfen, so gibt es in K\u00f6ln bereits 4 Schulstra\u00dfen, weitere in Bonn, Essen und D\u00fcsseldorf. Dies ist vor allem dem Aktionsb\u00fcndnis <a href=\"https:\/\/kinderaufsrad.org\" target=\"_blank\" rel=\"noreferrer noopener\">Kinder aufs Rad<\/a> in K\u00f6ln zu verdanken, das auch die Durchf\u00fchrung der Kidical Mass europaweit koordiniert.<\/p>\n\n\n\n<h2 class=\"wp-block-heading\">Rechtssichere Einrichtung von Schulstra\u00dfen<\/h2>\n\n\n\n<p>Die Stra\u00dfenverkehrsbeh\u00f6rden sperren sich h\u00e4ufig gegen die Einrichtung von tempor\u00e4ren Durchfahrtsverboten, da sie keine rechtliche Handhabe f\u00fcr eine solche Ma\u00dfnahme sehen. In \u00d6sterreich sind Schulstra\u00dfen in der Stra\u00dfenverkehrsordnung verankert und daher problemlos m\u00f6glich, in Deutschland nicht. Das Aktionsb\u00fcndnis Kidical Mass, das Deutsche Kinderhilfswerk und der Verkehrsclub Deutschland (VCD) haben deshalb ein <a href=\"https:\/\/wiki.radwege-hamm.de\/lib\/exe\/fetch.php?media=rechtsgutachten_schulstrassen_final_stand_2024-02-13.pdf\" target=\"_blank\" rel=\"noreferrer noopener\">Gutachten<\/a> erstellen lassen, das beschreibt, wie Schulstra\u00dfen eingerichtet werden k\u00f6nnen.<\/p>\n\n\n\n<p>In Nordrhein-Westfalen hat der Wunsch nach Schulstra\u00dfen nun dazu gef\u00fchrt, dass das Verkehrsministerium einen <a href=\"https:\/\/wiki.radwege-hamm.de\/lib\/exe\/fetch.php?media=erlass_schulstrassen_vorabauszug_vib_dokumente.pdf\" target=\"_blank\" rel=\"noreferrer noopener\">Erlass<\/a> herausgegeben hat, der den Kommunen einen Leitfaden f\u00fcr die Einrichtung von Schulstra\u00dfen an die Hand gibt.<\/p>\n\n\n\n<h2 class=\"wp-block-heading\">Wie kommt man zu einer Schulstra\u00dfe<\/h2>\n\n\n<div class=\"wp-block-image\">\n<figure class=\"alignleft size-large is-resized\"><a href=\"https:\/\/radwege-hamm.de\/wp\/wp-content\/uploads\/2024\/02\/Schulstrasse_Forderungen_Kindergruppe\u00aeStefan_Flach.jpg\"><img loading=\"lazy\" decoding=\"async\" width=\"1024\" height=\"684\" src=\"https:\/\/radwege-hamm.de\/wp\/wp-content\/uploads\/2024\/02\/Schulstrasse_Forderungen_Kindergruppe\u00aeStefan_Flach-1024x684.jpg\" alt=\"\" class=\"wp-image-4490\" style=\"width:443px;height:auto\" srcset=\"https:\/\/radwege-hamm.de\/wp\/wp-content\/uploads\/2024\/02\/Schulstrasse_Forderungen_Kindergruppe\u00aeStefan_Flach-1024x684.jpg 1024w, https:\/\/radwege-hamm.de\/wp\/wp-content\/uploads\/2024\/02\/Schulstrasse_Forderungen_Kindergruppe\u00aeStefan_Flach-300x200.jpg 300w, https:\/\/radwege-hamm.de\/wp\/wp-content\/uploads\/2024\/02\/Schulstrasse_Forderungen_Kindergruppe\u00aeStefan_Flach-768x513.jpg 768w, https:\/\/radwege-hamm.de\/wp\/wp-content\/uploads\/2024\/02\/Schulstrasse_Forderungen_Kindergruppe\u00aeStefan_Flach-360x240.jpg 360w, https:\/\/radwege-hamm.de\/wp\/wp-content\/uploads\/2024\/02\/Schulstrasse_Forderungen_Kindergruppe\u00aeStefan_Flach-1320x881.jpg 1320w, https:\/\/radwege-hamm.de\/wp\/wp-content\/uploads\/2024\/02\/Schulstrasse_Forderungen_Kindergruppe\u00aeStefan_Flach.jpg 1498w\" sizes=\"auto, (max-width: 1024px) 100vw, 1024px\" \/><\/a><figcaption class=\"wp-element-caption\">\u00a9 KinderAufsRad &#8211; Stefan Flach<\/figcaption><\/figure>\n<\/div>\n\n\n<p>Die Initiative zur Einrichtung einer Schulstra\u00dfe sollte von der Schule ausgehen. Die Schulleitung, Lehrer oder engagierte Eltern sollten das Thema einbringen und in der Schule diskutieren, ob es an der Schule ein Problem mit Elterntaxis gibt und ob eine Schulstra\u00dfe eine L\u00f6sung sein k\u00f6nnte.<\/p>\n\n\n\n<p>Die Schulstra\u00dfe k\u00f6nnte dann an einem Tag oder in einer Woche mit einer Demonstration ausprobiert werden. Diese einmalige Einrichtung sollte dann mit entsprechenden Aktionen mit den Sch\u00fclerinnen und Sch\u00fclern verbunden werden, vielleicht im Rahmen einer Projektwoche zum Thema Verkehr. Die Schulleitung kann bei der Verwaltung die Einrichtung einer Schulstra\u00dfe beantragen, m\u00f6glichst auf der Grundlage eines breiten Votums der Schulgemeinschaft und mit Unterst\u00fctzung von Vertretern der Bezirke.<\/p>\n\n\n\n<h2 class=\"wp-block-heading\">Kidical Mass zum Thema Schulstra\u00dfen<\/h2>\n\n\n\n<p>Der ADFC plant f\u00fcr Mai eine Kidical Mass, die auch das Thema Schulstra\u00dfen aufgreift. Auch der Radlerstammtisch im M\u00e4rz wird sich mit diesem Thema besch\u00e4ftigen. Der ADFC in Hamm bietet Hilfe bei organisatorischen Fragen wie der Anmeldung einer Demonstration und kann Kontakte zu Politik, Verwaltung oder bereits erfolgreichen Schulinitiativen vermitteln. Geben wir unseren Kindern die Stra\u00dfe zur\u00fcck und \u00fcberlassen wir sie nicht den Autos.<\/p>\n\n\n\n<h2 class=\"wp-block-heading\">Weitere Informationen<\/h2>\n\n\n\n<ul class=\"wp-block-list\">\n<li><a href=\"https:\/\/kinderaufsrad.org\/erlass-schulstrassen\/\">Pressemitteilung von KinderAufsRad<\/a><\/li>\n\n\n\n<li><a href=\"https:\/\/wiki.radwege-hamm.de\/lib\/exe\/fetch.php?media=factsheet_schulstrasse_final.pdf\">Factsheet Schulstrasse<\/a><\/li>\n\n\n\n<li><a href=\"https:\/\/www.deutschlandfunk.de\/neues-rechtsgutachten-zu-schulstrassen-dlf-3a37bac9-100.html\">Deutschlandfunk zum Thema Schulstra\u00dfen<\/a><\/li>\n\n\n\n<li><a href=\"https:\/\/www.nw.de\/nachrichten\/zwischen_weser_und_rhein\/23663466_Autos-ausgesperrt-Wie-Schulstrassen-in-NRW-gegen-Elterntaxis-helfen-sollen.html\" target=\"_blank\" rel=\"noreferrer noopener\">Bericht Essen<\/a> <\/li>\n\n\n\n<li><a href=\"https:\/\/wiki.radwege-hamm.de\/lib\/exe\/fetch.php?media=rechtsgutachten_schulstrassen_final_stand_2024-02-13.pdf\" target=\"_blank\" rel=\"noreferrer noopener\">Gutachten des VCD zur Einrichtung von Schulstra\u00dfen<\/a><\/li>\n\n\n\n<li><a href=\"https:\/\/wiki.radwege-hamm.de\/lib\/exe\/fetch.php?media=erlass_schulstrassen_vorabauszug_vib_dokumente.pdf\">NRW Erlass Schulstrassen Vorabauszug<\/a><\/li>\n<\/ul>\n","protected":false},"excerpt":{"rendered":"<p>Elterntaxis bringen die Kinder zwar bequem zur Schule, bringen aber auch eine Reihe von Problemen mit sich. Verstopfte Stra\u00dfen, zugeparkte Gehwege und riskante Fahrman\u00f6ver gef\u00e4hrden Kinder und andere Verkehrsteilnehmer. Au\u00dferdem wird die Selbst\u00e4ndigkeit der Kinder eingeschr\u00e4nkt. Kinder, die st\u00e4ndig im Auto mitgenommen werden, lernen nicht, sich selbst\u00e4ndig im Stra\u00dfenverkehr zu [&hellip;]<\/p>\n","protected":false},"author":1,"featured_media":4487,"comment_status":"open","ping_status":"closed","sticky":false,"template":"","format":"standard","meta":{"_EventAllDay":false,"_EventTimezone":"","_EventStartDate":"","_EventEndDate":"","_EventStartDateUTC":"","_EventEndDateUTC":"","_EventShowMap":false,"_EventShowMapLink":false,"_EventURL":"","_EventCost":"","_EventCostDescription":"","_EventCurrencySymbol":"","_EventCurrencyCode":"","_EventCurrencyPosition":"","_EventDateTimeSeparator":"","_EventTimeRangeSeparator":"","_EventOrganizerID":[],"_EventVenueID":[],"_OrganizerEmail":"","_OrganizerPhone":"","_OrganizerWebsite":"","_VenueAddress":"","_VenueCity":"","_VenueCountry":"","_VenueProvince":"","_VenueState":"","_VenueZip":"","_VenuePhone":"","_VenueURL":"","_VenueStateProvince":"","_VenueLat":"","_VenueLng":"","_VenueShowMap":false,"_VenueShowMapLink":false,"_themeisle_gutenberg_block_has_review":false,"footnotes":""},"categories":[1,33],"tags":[125,123,124,55],"class_list":["post-4483","post","type-post","status-publish","format-standard","has-post-thumbnail","hentry","category-allgemein","category-politik","tag-kinder","tag-schulstrassen","tag-schulwege","tag-verkehrspolitik"],"_links":{"self":[{"href":"https:\/\/radwege-hamm.de\/wp\/wp-json\/wp\/v2\/posts\/4483","targetHints":{"allow":["GET"]}}],"collection":[{"href":"https:\/\/radwege-hamm.de\/wp\/wp-json\/wp\/v2\/posts"}],"about":[{"href":"https:\/\/radwege-hamm.de\/wp\/wp-json\/wp\/v2\/types\/post"}],"author":[{"embeddable":true,"href":"https:\/\/radwege-hamm.de\/wp\/wp-json\/wp\/v2\/users\/1"}],"replies":[{"embeddable":true,"href":"https:\/\/radwege-hamm.de\/wp\/wp-json\/wp\/v2\/comments?post=4483"}],"version-history":[{"count":10,"href":"https:\/\/radwege-hamm.de\/wp\/wp-json\/wp\/v2\/posts\/4483\/revisions"}],"predecessor-version":[{"id":4500,"href":"https:\/\/radwege-hamm.de\/wp\/wp-json\/wp\/v2\/posts\/4483\/revisions\/4500"}],"wp:featuredmedia":[{"embeddable":true,"href":"https:\/\/radwege-hamm.de\/wp\/wp-json\/wp\/v2\/media\/4487"}],"wp:attachment":[{"href":"https:\/\/radwege-hamm.de\/wp\/wp-json\/wp\/v2\/media?parent=4483"}],"wp:term":[{"taxonomy":"category","embeddable":true,"href":"https:\/\/radwege-hamm.de\/wp\/wp-json\/wp\/v2\/categories?post=4483"},{"taxonomy":"post_tag","embeddable":true,"href":"https:\/\/radwege-hamm.de\/wp\/wp-json\/wp\/v2\/tags?post=4483"}],"curies":[{"name":"wp","href":"https:\/\/api.w.org\/{rel}","templated":true}]}}